{"id":11568,"date":"2020-06-25T13:16:48","date_gmt":"2020-06-25T16:16:48","guid":{"rendered":"https:\/\/www.silvajardim.rj.gov.br\/?p=4655"},"modified":"2020-06-25T13:16:48","modified_gmt":"2020-06-25T16:16:48","slug":"unidade-movel-atende-os-bairros-de-boqueirao-e-cambucaes","status":"publish","type":"post","link":"https:\/\/www.silvajardim.rj.gov.br\/index.php\/2020\/06\/25\/unidade-movel-atende-os-bairros-de-boqueirao-e-cambucaes\/","title":{"rendered":"UNIDADE M\u00d3VEL ATENDE OS BAIRROS DE BOQUEIR\u00c3O E CAMBUCAES"},"content":{"rendered":"\n<p>Na \u00faltima quarta-feira (24), a nossa unidade m\u00f3vel esteve no bairro do Boqueir\u00e3o, dando continuidade \u00e0 realiza\u00e7\u00e3o dos testes r\u00e1pidos do Novo Coronav\u00edrus (Covid-19). J\u00e1 nesta quinta-feira (25), a unidade m\u00f3vel est\u00e1 atendendo o bairro de Cambucaes. A a\u00e7\u00e3o est\u00e1 sendo realizada pela Prefeitura de Silva Jardim, atrav\u00e9s da Secretaria Municipal de Sa\u00fade e Assist\u00eancia Social. Nesta sexta-feira (26), a unidade m\u00f3vel estar\u00e1 no bairro da Fazenda Brasil.<\/p>\n\n\n\n<figure class=\"wp-block-image size-large\"><img decoding=\"async\" src=\"https:\/\/www.silvajardim.rj.gov.br\/wp-content\/uploads\/2020\/06\/WhatsApp-Image-2020-06-24-at-11.50.21-2-1024x682.jpeg\" alt=\"\" class=\"wp-image-4662\"\/><\/figure>\n\n\n\n<figure class=\"wp-block-image size-large\"><img decoding=\"async\" src=\"https:\/\/www.silvajardim.rj.gov.br\/wp-content\/uploads\/2020\/06\/IMG_9750-1024x683.jpg\" alt=\"\" class=\"wp-image-4656\"\/><\/figure>\n\n\n\n<figure class=\"wp-block-image size-large\"><img decoding=\"async\" src=\"https:\/\/www.silvajardim.rj.gov.br\/wp-content\/uploads\/2020\/06\/IMG_9754-1024x683.jpg\" alt=\"\" class=\"wp-image-4657\"\/><\/figure>\n\n\n\n<figure class=\"wp-block-image size-large\"><img decoding=\"async\" src=\"https:\/\/www.silvajardim.rj.gov.br\/wp-content\/uploads\/2020\/06\/IMG_9759-1024x683.jpg\" alt=\"\" class=\"wp-image-4658\"\/><\/figure>\n\n\n\n<figure class=\"wp-block-image size-large\"><img decoding=\"async\" src=\"https:\/\/www.silvajardim.rj.gov.br\/wp-content\/uploads\/2020\/06\/IMG_9763-1024x683.jpg\" alt=\"\" class=\"wp-image-4659\"\/><\/figure>\n\n\n\n<figure class=\"wp-block-image size-large\"><img decoding=\"async\" src=\"https:\/\/www.silvajardim.rj.gov.br\/wp-content\/uploads\/2020\/06\/IMG_9769-1024x683.jpg\" alt=\"\" class=\"wp-image-4660\"\/><\/figure>\n\n\n\n<figure class=\"wp-block-image size-large\"><img decoding=\"async\" src=\"https:\/\/www.silvajardim.rj.gov.br\/wp-content\/uploads\/2020\/06\/WhatsApp-Image-2020-06-24-at-11.50.21-1-1024x682.jpeg\" alt=\"\" class=\"wp-image-4661\"\/><\/figure>\n\n\n\n<figure class=\"wp-block-image size-large\"><img decoding=\"async\" src=\"https:\/\/www.silvajardim.rj.gov.br\/wp-content\/uploads\/2020\/06\/WhatsApp-Image-2020-06-24-at-11.55.10.jpeg\" alt=\"\" class=\"wp-image-4663\"\/><\/figure>\n","protected":false},"excerpt":{"rendered":"<p>Na \u00faltima quarta-feira (24), a nossa unidade m\u00f3vel esteve no bairro do Boqueir\u00e3o, dando continuidade \u00e0 realiza\u00e7\u00e3o dos testes r\u00e1pidos<\/p>\n","protected":false},"author":1,"featured_media":4664,"comment_status":"closed","ping_status":"closed","sticky":false,"template":"","format":"standard","meta":{"_mi_skip_tracking":false,"footnotes":""},"categories":[274,275],"tags":[],"class_list":["post-11568","post","type-post","status-publish","format-standard","has-post-thumbnail","hentry","category-covid19","category-saude"],"_links":{"self":[{"href":"https:\/\/www.silvajardim.rj.gov.br\/index.php\/wp-json\/wp\/v2\/posts\/11568","targetHints":{"allow":["GET"]}}],"collection":[{"href":"https:\/\/www.silvajardim.rj.gov.br\/index.php\/wp-json\/wp\/v2\/posts"}],"about":[{"href":"https:\/\/www.silvajardim.rj.gov.br\/index.php\/wp-json\/wp\/v2\/types\/post"}],"author":[{"embeddable":true,"href":"https:\/\/www.silvajardim.rj.gov.br\/index.php\/wp-json\/wp\/v2\/users\/1"}],"replies":[{"embeddable":true,"href":"https:\/\/www.silvajardim.rj.gov.br\/index.php\/wp-json\/wp\/v2\/comments?post=11568"}],"version-history":[{"count":0,"href":"https:\/\/www.silvajardim.rj.gov.br\/index.php\/wp-json\/wp\/v2\/posts\/11568\/revisions"}],"wp:featuredmedia":[{"embeddable":true,"href":"https:\/\/www.silvajardim.rj.gov.br\/index.php\/wp-json\/"}],"wp:attachment":[{"href":"https:\/\/www.silvajardim.rj.gov.br\/index.php\/wp-json\/wp\/v2\/media?parent=11568"}],"wp:term":[{"taxonomy":"category","embeddable":true,"href":"https:\/\/www.silvajardim.rj.gov.br\/index.php\/wp-json\/wp\/v2\/categories?post=11568"},{"taxonomy":"post_tag","embeddable":true,"href":"https:\/\/www.silvajardim.rj.gov.br\/index.php\/wp-json\/wp\/v2\/tags?post=11568"}],"curies":[{"name":"wp","href":"https:\/\/api.w.org\/{rel}","templated":true}]}}