{"id":11574,"date":"2020-06-29T11:26:38","date_gmt":"2020-06-29T14:26:38","guid":{"rendered":"https:\/\/www.silvajardim.rj.gov.br\/?p=4698"},"modified":"2020-06-29T11:26:38","modified_gmt":"2020-06-29T14:26:38","slug":"reforma-da-ponte-que-da-acesso-a-sao-lourenco-e-concluida","status":"publish","type":"post","link":"https:\/\/www.silvajardim.rj.gov.br\/index.php\/2020\/06\/29\/reforma-da-ponte-que-da-acesso-a-sao-lourenco-e-concluida\/","title":{"rendered":"REFORMA DA PONTE QUE DA ACESSO A S\u00c3O LOUREN\u00c7O \u00c9 CONCLU\u00cdDA"},"content":{"rendered":"\n<p>A Prefeitura de Silva Jardim, atrav\u00e9s da Secretaria Municipal de Servi\u00e7os P\u00fablicos e Manuten\u00e7\u00e3o, concluiu a reforma da ponte que d\u00e1 acesso \u00e0 localidade de S\u00e3o Louren\u00e7o, no interior do Munic\u00edpio. A ponte apresentava risco de queda, colocando a vida dos moradores da localidade em perigo.<\/p>\n\n\n\n<figure class=\"wp-block-image size-large\"><img decoding=\"async\" src=\"https:\/\/www.silvajardim.rj.gov.br\/wp-content\/uploads\/2020\/06\/WhatsApp-Image-2020-06-29-at-10.53.08-1024x768.jpeg\" alt=\"\" class=\"wp-image-4700\"\/><\/figure>\n\n\n\n<figure class=\"wp-block-image size-large\"><img decoding=\"async\" src=\"https:\/\/www.silvajardim.rj.gov.br\/wp-content\/uploads\/2020\/06\/WhatsApp-Image-2020-06-29-at-10.53.07-1024x768.jpeg\" alt=\"\" class=\"wp-image-4699\"\/><\/figure>\n\n\n\n<figure class=\"wp-block-image size-large\"><img decoding=\"async\" src=\"https:\/\/www.silvajardim.rj.gov.br\/wp-content\/uploads\/2020\/06\/WhatsApp-Image-2020-06-29-at-10.53.16-1024x768.jpeg\" alt=\"\" class=\"wp-image-4702\"\/><\/figure>\n\n\n\n<figure class=\"wp-block-image size-large\"><img decoding=\"async\" src=\"https:\/\/www.silvajardim.rj.gov.br\/wp-content\/uploads\/2020\/06\/WhatsApp-Image-2020-06-29-at-10.53.15-1024x768.jpeg\" alt=\"\" class=\"wp-image-4701\"\/><\/figure>\n\n\n\n<figure class=\"wp-block-image size-large\"><img decoding=\"async\" src=\"https:\/\/www.silvajardim.rj.gov.br\/wp-content\/uploads\/2020\/06\/WhatsApp-Image-2020-06-29-at-10.53.17-1024x768.jpeg\" alt=\"\" class=\"wp-image-4703\"\/><\/figure>\n","protected":false},"excerpt":{"rendered":"<p>A Prefeitura de Silva Jardim, atrav\u00e9s da Secretaria Municipal de Servi\u00e7os P\u00fablicos e Manuten\u00e7\u00e3o, concluiu a reforma da ponte que<\/p>\n","protected":false},"author":1,"featured_media":4699,"comment_status":"closed","ping_status":"closed","sticky":false,"template":"","format":"standard","meta":{"_mi_skip_tracking":false,"footnotes":""},"categories":[277],"tags":[],"class_list":["post-11574","post","type-post","status-publish","format-standard","has-post-thumbnail","hentry","category-obras-e-servicos-publicos"],"_links":{"self":[{"href":"https:\/\/www.silvajardim.rj.gov.br\/index.php\/wp-json\/wp\/v2\/posts\/11574","targetHints":{"allow":["GET"]}}],"collection":[{"href":"https:\/\/www.silvajardim.rj.gov.br\/index.php\/wp-json\/wp\/v2\/posts"}],"about":[{"href":"https:\/\/www.silvajardim.rj.gov.br\/index.php\/wp-json\/wp\/v2\/types\/post"}],"author":[{"embeddable":true,"href":"https:\/\/www.silvajardim.rj.gov.br\/index.php\/wp-json\/wp\/v2\/users\/1"}],"replies":[{"embeddable":true,"href":"https:\/\/www.silvajardim.rj.gov.br\/index.php\/wp-json\/wp\/v2\/comments?post=11574"}],"version-history":[{"count":0,"href":"https:\/\/www.silvajardim.rj.gov.br\/index.php\/wp-json\/wp\/v2\/posts\/11574\/revisions"}],"wp:featuredmedia":[{"embeddable":true,"href":"https:\/\/www.silvajardim.rj.gov.br\/index.php\/wp-json\/"}],"wp:attachment":[{"href":"https:\/\/www.silvajardim.rj.gov.br\/index.php\/wp-json\/wp\/v2\/media?parent=11574"}],"wp:term":[{"taxonomy":"category","embeddable":true,"href":"https:\/\/www.silvajardim.rj.gov.br\/index.php\/wp-json\/wp\/v2\/categories?post=11574"},{"taxonomy":"post_tag","embeddable":true,"href":"https:\/\/www.silvajardim.rj.gov.br\/index.php\/wp-json\/wp\/v2\/tags?post=11574"}],"curies":[{"name":"wp","href":"https:\/\/api.w.org\/{rel}","templated":true}]}}