{"id":11575,"date":"2020-06-29T16:55:15","date_gmt":"2020-06-29T19:55:15","guid":{"rendered":"https:\/\/www.silvajardim.rj.gov.br\/?p=4707"},"modified":"2020-06-29T16:55:15","modified_gmt":"2020-06-29T19:55:15","slug":"plataforma-digital-de-atividades-complementares-em-manutencao-por-48-horas-2","status":"publish","type":"post","link":"https:\/\/www.silvajardim.rj.gov.br\/index.php\/2020\/06\/29\/plataforma-digital-de-atividades-complementares-em-manutencao-por-48-horas-2\/","title":{"rendered":"PLATAFORMA DIGITAL DE ATIVIDADES COMPLEMENTARES EM MANUTEN\u00c7\u00c3O POR 48 HORAS"},"content":{"rendered":"\n<p>A Prefeitura de Silva Jardim, atrav\u00e9s da Secretaria Municipal de Educa\u00e7\u00e3o, Ci\u00eancia e Tecnologia, informa aos pais e\/ou respons\u00e1veis que a Plataforma Digital de Atividades Complementares est\u00e1 em manuten\u00e7\u00e3o pelo prazo de 48h, para atualiza\u00e7\u00e3o de conte\u00fado. A previs\u00e3o de retorno \u00e9 para o dia 1 de julho.<\/p>\n\n\n\n<figure class=\"wp-block-image size-large\"><img decoding=\"async\" src=\"https:\/\/www.silvajardim.rj.gov.br\/wp-content\/uploads\/2020\/06\/103269288_3031937866861731_7686770752333089938_o.jpg\" alt=\"\" class=\"wp-image-4708\"\/><\/figure>\n","protected":false},"excerpt":{"rendered":"<p>A Prefeitura de Silva Jardim, atrav\u00e9s da Secretaria Municipal de Educa\u00e7\u00e3o, Ci\u00eancia e Tecnologia, informa aos pais e\/ou respons\u00e1veis que<\/p>\n","protected":false},"author":1,"featured_media":4708,"comment_status":"closed","ping_status":"closed","sticky":false,"template":"","format":"standard","meta":{"_mi_skip_tracking":false,"footnotes":""},"categories":[286],"tags":[],"class_list":["post-11575","post","type-post","status-publish","format-standard","has-post-thumbnail","hentry","category-educacao"],"_links":{"self":[{"href":"https:\/\/www.silvajardim.rj.gov.br\/index.php\/wp-json\/wp\/v2\/posts\/11575","targetHints":{"allow":["GET"]}}],"collection":[{"href":"https:\/\/www.silvajardim.rj.gov.br\/index.php\/wp-json\/wp\/v2\/posts"}],"about":[{"href":"https:\/\/www.silvajardim.rj.gov.br\/index.php\/wp-json\/wp\/v2\/types\/post"}],"author":[{"embeddable":true,"href":"https:\/\/www.silvajardim.rj.gov.br\/index.php\/wp-json\/wp\/v2\/users\/1"}],"replies":[{"embeddable":true,"href":"https:\/\/www.silvajardim.rj.gov.br\/index.php\/wp-json\/wp\/v2\/comments?post=11575"}],"version-history":[{"count":0,"href":"https:\/\/www.silvajardim.rj.gov.br\/index.php\/wp-json\/wp\/v2\/posts\/11575\/revisions"}],"wp:featuredmedia":[{"embeddable":true,"href":"https:\/\/www.silvajardim.rj.gov.br\/index.php\/wp-json\/"}],"wp:attachment":[{"href":"https:\/\/www.silvajardim.rj.gov.br\/index.php\/wp-json\/wp\/v2\/media?parent=11575"}],"wp:term":[{"taxonomy":"category","embeddable":true,"href":"https:\/\/www.silvajardim.rj.gov.br\/index.php\/wp-json\/wp\/v2\/categories?post=11575"},{"taxonomy":"post_tag","embeddable":true,"href":"https:\/\/www.silvajardim.rj.gov.br\/index.php\/wp-json\/wp\/v2\/tags?post=11575"}],"curies":[{"name":"wp","href":"https:\/\/api.w.org\/{rel}","templated":true}]}}