{"id":11588,"date":"2020-07-02T16:48:07","date_gmt":"2020-07-02T19:48:07","guid":{"rendered":"https:\/\/www.silvajardim.rj.gov.br\/?p=4799"},"modified":"2020-07-02T16:48:07","modified_gmt":"2020-07-02T19:48:07","slug":"unidade-movel-atende-os-bairros-coqueiro-mato-alto-e-biquinha","status":"publish","type":"post","link":"https:\/\/www.silvajardim.rj.gov.br\/index.php\/2020\/07\/02\/unidade-movel-atende-os-bairros-coqueiro-mato-alto-e-biquinha\/","title":{"rendered":"UNIDADE M\u00d3VEL ATENDE OS BAIRROS COQUEIRO, MATO ALTO E BIQUINHA"},"content":{"rendered":"\n<p>Nesta quinta-feira (2), a nossa unidade m\u00f3vel esteve nos bairros Coqueiro, Mato Alto e Biquinha, dando continuidade \u00e0 realiza\u00e7\u00e3o dos testes r\u00e1pidos do Novo Coronav\u00edrus (Covid-19). A a\u00e7\u00e3o est\u00e1 sendo realizada pela Prefeitura de Silva Jardim, atrav\u00e9s da Secretaria Municipal de Sa\u00fade e Assist\u00eancia Social. Nesta sexta-feira (3), pela manh\u00e3, a unidade m\u00f3vel estar\u00e1 no bairro Cidade Nova. J\u00e1 na parte da tarde, a unidade atende o bairro Rial.<\/p>\n\n\n\n<figure class=\"wp-block-image size-large\"><img decoding=\"async\" src=\"https:\/\/www.silvajardim.rj.gov.br\/wp-content\/uploads\/2020\/07\/IMG_0009-1024x683.jpg\" alt=\"\" class=\"wp-image-4800\"\/><\/figure>\n\n\n\n<figure class=\"wp-block-image size-large\"><img decoding=\"async\" src=\"https:\/\/www.silvajardim.rj.gov.br\/wp-content\/uploads\/2020\/07\/IMG_0015-1024x683.jpg\" alt=\"\" class=\"wp-image-4801\"\/><\/figure>\n\n\n\n<figure class=\"wp-block-image size-large\"><img decoding=\"async\" src=\"https:\/\/www.silvajardim.rj.gov.br\/wp-content\/uploads\/2020\/07\/IMG_0017-1024x683.jpg\" alt=\"\" class=\"wp-image-4802\"\/><\/figure>\n\n\n\n<figure class=\"wp-block-image size-large\"><img decoding=\"async\" src=\"https:\/\/www.silvajardim.rj.gov.br\/wp-content\/uploads\/2020\/07\/IMG_0020-1024x683.jpg\" alt=\"\" class=\"wp-image-4803\"\/><\/figure>\n\n\n\n<figure class=\"wp-block-image size-large\"><img decoding=\"async\" src=\"https:\/\/www.silvajardim.rj.gov.br\/wp-content\/uploads\/2020\/07\/IMG_0042-1024x683.jpg\" alt=\"\" class=\"wp-image-4804\"\/><\/figure>\n\n\n\n<figure class=\"wp-block-image size-large\"><img decoding=\"async\" src=\"https:\/\/www.silvajardim.rj.gov.br\/wp-content\/uploads\/2020\/07\/IMG_0046-1024x683.jpg\" alt=\"\" class=\"wp-image-4805\"\/><\/figure>\n\n\n\n<figure class=\"wp-block-image size-large\"><img decoding=\"async\" src=\"https:\/\/www.silvajardim.rj.gov.br\/wp-content\/uploads\/2020\/07\/IMG_0051-1024x683.jpg\" alt=\"\" class=\"wp-image-4806\"\/><\/figure>\n\n\n\n<figure class=\"wp-block-image size-large\"><img decoding=\"async\" src=\"https:\/\/www.silvajardim.rj.gov.br\/wp-content\/uploads\/2020\/07\/WhatsApp-Image-2020-07-02-at-13.16.00-768x1024.jpeg\" alt=\"\" class=\"wp-image-4807\"\/><\/figure>\n\n\n\n<figure class=\"wp-block-image size-large\"><img decoding=\"async\" src=\"https:\/\/www.silvajardim.rj.gov.br\/wp-content\/uploads\/2020\/07\/WhatsApp-Image-2020-07-02-at-13.19.23-768x1024.jpeg\" alt=\"\" class=\"wp-image-4808\"\/><\/figure>\n\n\n\n<figure class=\"wp-block-image size-large\"><img decoding=\"async\" src=\"https:\/\/www.silvajardim.rj.gov.br\/wp-content\/uploads\/2020\/07\/WhatsApp-Image-2020-07-02-at-15.17.42-768x1024.jpeg\" alt=\"\" class=\"wp-image-4809\"\/><\/figure>\n","protected":false},"excerpt":{"rendered":"<p>Nesta quinta-feira (2), a nossa unidade m\u00f3vel esteve nos bairros Coqueiro, Mato Alto e Biquinha, dando continuidade \u00e0 realiza\u00e7\u00e3o dos<\/p>\n","protected":false},"author":1,"featured_media":4800,"comment_status":"closed","ping_status":"closed","sticky":false,"template":"","format":"standard","meta":{"_mi_skip_tracking":false,"footnotes":""},"categories":[274,275],"tags":[],"class_list":["post-11588","post","type-post","status-publish","format-standard","has-post-thumbnail","hentry","category-covid19","category-saude"],"_links":{"self":[{"href":"https:\/\/www.silvajardim.rj.gov.br\/index.php\/wp-json\/wp\/v2\/posts\/11588","targetHints":{"allow":["GET"]}}],"collection":[{"href":"https:\/\/www.silvajardim.rj.gov.br\/index.php\/wp-json\/wp\/v2\/posts"}],"about":[{"href":"https:\/\/www.silvajardim.rj.gov.br\/index.php\/wp-json\/wp\/v2\/types\/post"}],"author":[{"embeddable":true,"href":"https:\/\/www.silvajardim.rj.gov.br\/index.php\/wp-json\/wp\/v2\/users\/1"}],"replies":[{"embeddable":true,"href":"https:\/\/www.silvajardim.rj.gov.br\/index.php\/wp-json\/wp\/v2\/comments?post=11588"}],"version-history":[{"count":0,"href":"https:\/\/www.silvajardim.rj.gov.br\/index.php\/wp-json\/wp\/v2\/posts\/11588\/revisions"}],"wp:featuredmedia":[{"embeddable":true,"href":"https:\/\/www.silvajardim.rj.gov.br\/index.php\/wp-json\/"}],"wp:attachment":[{"href":"https:\/\/www.silvajardim.rj.gov.br\/index.php\/wp-json\/wp\/v2\/media?parent=11588"}],"wp:term":[{"taxonomy":"category","embeddable":true,"href":"https:\/\/www.silvajardim.rj.gov.br\/index.php\/wp-json\/wp\/v2\/categories?post=11588"},{"taxonomy":"post_tag","embeddable":true,"href":"https:\/\/www.silvajardim.rj.gov.br\/index.php\/wp-json\/wp\/v2\/tags?post=11588"}],"curies":[{"name":"wp","href":"https:\/\/api.w.org\/{rel}","templated":true}]}}