{"id":11605,"date":"2020-07-10T11:46:46","date_gmt":"2020-07-10T14:46:46","guid":{"rendered":"https:\/\/www.silvajardim.rj.gov.br\/?p=4966"},"modified":"2020-07-10T11:46:46","modified_gmt":"2020-07-10T14:46:46","slug":"prefeito-se-reune-com-o-comandante-do-35o-batalhao-da-policia-militar-em-busca-de-maior-seguranca-para-o-municipio-de-silva-jardim","status":"publish","type":"post","link":"https:\/\/www.silvajardim.rj.gov.br\/index.php\/2020\/07\/10\/prefeito-se-reune-com-o-comandante-do-35o-batalhao-da-policia-militar-em-busca-de-maior-seguranca-para-o-municipio-de-silva-jardim\/","title":{"rendered":"PREFEITO SE RE\u00daNE COM O COMANDANTE DO 35\u00ba BATALH\u00c3O DA POL\u00cdCIA MILITAR EM BUSCA DE MAIOR SEGURAN\u00c7A PARA O MUNIC\u00cdPIO DE SILVA JARDIM"},"content":{"rendered":"\n<p>O Prefeito, Jaime Figueiredo, se reuniu na manh\u00e3 desta sexta-feira (10), com o Comandante do 35\u00ba Batalh\u00e3o da Pol\u00edcia Militar do Estado do Rio de Janeiro, Coronel Felix, e com o Major Dolzany, em busca de maior seguran\u00e7a para o Munic\u00edpio de Silva Jardim. O encontro aconteceu no gabinete do Comandante, em Itabora\u00ed. Durante a reuni\u00e3o, o Prefeito apresentou as dificuldades enfrentadas pelo munic\u00edpio, e obteve a promessa de suporte e melhorias para a seguran\u00e7a da popula\u00e7\u00e3o silva-jardinense.<\/p>\n\n\n\n<figure class=\"wp-block-image size-large\"><img decoding=\"async\" src=\"https:\/\/www.silvajardim.rj.gov.br\/wp-content\/uploads\/2020\/07\/WhatsApp-Image-2020-07-10-at-11.00.12-1-768x1024.jpeg\" alt=\"\" class=\"wp-image-4967\" \/><\/figure>\n\n\n\n<figure class=\"wp-block-image size-large\"><img decoding=\"async\" src=\"https:\/\/www.silvajardim.rj.gov.br\/wp-content\/uploads\/2020\/07\/WhatsApp-Image-2020-07-10-at-11.00.13-1024x768.jpeg\" alt=\"\" class=\"wp-image-4968\" \/><\/figure>\n","protected":false},"excerpt":{"rendered":"<p>O Prefeito, Jaime Figueiredo, se reuniu na manh\u00e3 desta sexta-feira (10), com o Comandante do 35\u00ba Batalh\u00e3o da Pol\u00edcia Militar<\/p>\n","protected":false},"author":1,"featured_media":4967,"comment_status":"closed","ping_status":"closed","sticky":false,"template":"","format":"standard","meta":{"_mi_skip_tracking":false,"footnotes":""},"categories":[273],"tags":[],"class_list":["post-11605","post","type-post","status-publish","format-standard","has-post-thumbnail","hentry","category-prefeitura"],"_links":{"self":[{"href":"https:\/\/www.silvajardim.rj.gov.br\/index.php\/wp-json\/wp\/v2\/posts\/11605","targetHints":{"allow":["GET"]}}],"collection":[{"href":"https:\/\/www.silvajardim.rj.gov.br\/index.php\/wp-json\/wp\/v2\/posts"}],"about":[{"href":"https:\/\/www.silvajardim.rj.gov.br\/index.php\/wp-json\/wp\/v2\/types\/post"}],"author":[{"embeddable":true,"href":"https:\/\/www.silvajardim.rj.gov.br\/index.php\/wp-json\/wp\/v2\/users\/1"}],"replies":[{"embeddable":true,"href":"https:\/\/www.silvajardim.rj.gov.br\/index.php\/wp-json\/wp\/v2\/comments?post=11605"}],"version-history":[{"count":0,"href":"https:\/\/www.silvajardim.rj.gov.br\/index.php\/wp-json\/wp\/v2\/posts\/11605\/revisions"}],"wp:featuredmedia":[{"embeddable":true,"href":"https:\/\/www.silvajardim.rj.gov.br\/index.php\/wp-json\/"}],"wp:attachment":[{"href":"https:\/\/www.silvajardim.rj.gov.br\/index.php\/wp-json\/wp\/v2\/media?parent=11605"}],"wp:term":[{"taxonomy":"category","embeddable":true,"href":"https:\/\/www.silvajardim.rj.gov.br\/index.php\/wp-json\/wp\/v2\/categories?post=11605"},{"taxonomy":"post_tag","embeddable":true,"href":"https:\/\/www.silvajardim.rj.gov.br\/index.php\/wp-json\/wp\/v2\/tags?post=11605"}],"curies":[{"name":"wp","href":"https:\/\/api.w.org\/{rel}","templated":true}]}}