{"id":11644,"date":"2020-07-30T10:34:30","date_gmt":"2020-07-30T13:34:30","guid":{"rendered":"https:\/\/www.silvajardim.rj.gov.br\/?p=5165"},"modified":"2020-07-30T10:34:30","modified_gmt":"2020-07-30T13:34:30","slug":"mais-um-sitiante-beneficiado-no-preparo-de-terras-para-plantio-agricola-em-cesario-alvim","status":"publish","type":"post","link":"https:\/\/www.silvajardim.rj.gov.br\/index.php\/2020\/07\/30\/mais-um-sitiante-beneficiado-no-preparo-de-terras-para-plantio-agricola-em-cesario-alvim\/","title":{"rendered":"MAIS UM SITIANTE BENEFICIADO NO PREPARO DE TERRAS PARA PLANTIO AGR\u00cdCOLA EM CES\u00c1RIO ALVIM"},"content":{"rendered":"\n<p>A Prefeitura de Silva Jardim, atrav\u00e9s da Secretaria Municipal de Agricultura, Abastecimento e Pesca, beneficiou mais um sitiante no preparo das terras para o plantio agr\u00edcola, no S\u00edtio Monte Si\u00e3o, em Ces\u00e1rio Alvim. Mesmo em meio \u00e0 Pandemia do Novo Coronav\u00edrus, os agricultores familiares continuam recebendo total apoio, com assist\u00eancia t\u00e9cnica e maquin\u00e1rios. O trabalho de preparo do solo foi realizado com o aux\u00edlio de um trator com grade aradora.<\/p>\n\n\n\n<figure class=\"wp-block-image size-large\"><img decoding=\"async\" src=\"https:\/\/www.silvajardim.rj.gov.br\/wp-content\/uploads\/2020\/07\/WhatsApp-Image-2020-07-30-at-09.38.02-1-1024x576.jpeg\" alt=\"\" class=\"wp-image-5166\" \/><\/figure>\n\n\n\n<figure class=\"wp-block-image size-large\"><img decoding=\"async\" src=\"https:\/\/www.silvajardim.rj.gov.br\/wp-content\/uploads\/2020\/07\/WhatsApp-Image-2020-07-30-at-09.38.02-2-1024x576.jpeg\" alt=\"\" class=\"wp-image-5167\" \/><\/figure>\n\n\n\n<figure class=\"wp-block-image size-large\"><img decoding=\"async\" src=\"https:\/\/www.silvajardim.rj.gov.br\/wp-content\/uploads\/2020\/07\/WhatsApp-Image-2020-07-30-at-09.38.02-3-1024x576.jpeg\" alt=\"\" class=\"wp-image-5168\" \/><\/figure>\n\n\n\n<figure class=\"wp-block-image size-large\"><img decoding=\"async\" src=\"https:\/\/www.silvajardim.rj.gov.br\/wp-content\/uploads\/2020\/07\/WhatsApp-Image-2020-07-30-at-09.38.02-1024x576.jpeg\" alt=\"\" class=\"wp-image-5169\" \/><\/figure>\n\n\n\n<figure class=\"wp-block-image size-large\"><img decoding=\"async\" src=\"https:\/\/www.silvajardim.rj.gov.br\/wp-content\/uploads\/2020\/07\/WhatsApp-Image-2020-07-30-at-09.38.03-1-1024x576.jpeg\" alt=\"\" class=\"wp-image-5170\" \/><\/figure>\n\n\n\n<figure class=\"wp-block-image size-large\"><img decoding=\"async\" src=\"https:\/\/www.silvajardim.rj.gov.br\/wp-content\/uploads\/2020\/07\/WhatsApp-Image-2020-07-30-at-09.38.03-2-1024x576.jpeg\" alt=\"\" class=\"wp-image-5171\" \/><\/figure>\n\n\n\n<figure class=\"wp-block-image size-large\"><img decoding=\"async\" src=\"https:\/\/www.silvajardim.rj.gov.br\/wp-content\/uploads\/2020\/07\/WhatsApp-Image-2020-07-30-at-09.38.03-1024x576.jpeg\" alt=\"\" class=\"wp-image-5172\" \/><\/figure>\n","protected":false},"excerpt":{"rendered":"<p>A Prefeitura de Silva Jardim, atrav\u00e9s da Secretaria Municipal de Agricultura, Abastecimento e Pesca, beneficiou mais um sitiante no preparo<\/p>\n","protected":false},"author":1,"featured_media":5170,"comment_status":"closed","ping_status":"closed","sticky":false,"template":"","format":"standard","meta":{"_mi_skip_tracking":false,"footnotes":""},"categories":[272],"tags":[],"class_list":["post-11644","post","type-post","status-publish","format-standard","has-post-thumbnail","hentry","category-agricultura"],"_links":{"self":[{"href":"https:\/\/www.silvajardim.rj.gov.br\/index.php\/wp-json\/wp\/v2\/posts\/11644","targetHints":{"allow":["GET"]}}],"collection":[{"href":"https:\/\/www.silvajardim.rj.gov.br\/index.php\/wp-json\/wp\/v2\/posts"}],"about":[{"href":"https:\/\/www.silvajardim.rj.gov.br\/index.php\/wp-json\/wp\/v2\/types\/post"}],"author":[{"embeddable":true,"href":"https:\/\/www.silvajardim.rj.gov.br\/index.php\/wp-json\/wp\/v2\/users\/1"}],"replies":[{"embeddable":true,"href":"https:\/\/www.silvajardim.rj.gov.br\/index.php\/wp-json\/wp\/v2\/comments?post=11644"}],"version-history":[{"count":0,"href":"https:\/\/www.silvajardim.rj.gov.br\/index.php\/wp-json\/wp\/v2\/posts\/11644\/revisions"}],"wp:featuredmedia":[{"embeddable":true,"href":"https:\/\/www.silvajardim.rj.gov.br\/index.php\/wp-json\/"}],"wp:attachment":[{"href":"https:\/\/www.silvajardim.rj.gov.br\/index.php\/wp-json\/wp\/v2\/media?parent=11644"}],"wp:term":[{"taxonomy":"category","embeddable":true,"href":"https:\/\/www.silvajardim.rj.gov.br\/index.php\/wp-json\/wp\/v2\/categories?post=11644"},{"taxonomy":"post_tag","embeddable":true,"href":"https:\/\/www.silvajardim.rj.gov.br\/index.php\/wp-json\/wp\/v2\/tags?post=11644"}],"curies":[{"name":"wp","href":"https:\/\/api.w.org\/{rel}","templated":true}]}}