{"id":11658,"date":"2020-08-06T16:10:38","date_gmt":"2020-08-06T19:10:38","guid":{"rendered":"https:\/\/www.silvajardim.rj.gov.br\/?p=5218"},"modified":"2020-08-06T16:10:38","modified_gmt":"2020-08-06T19:10:38","slug":"live-referente-a-implantacao-dos-novos-servicos-da-saude-nesta-quinta-feira","status":"publish","type":"post","link":"https:\/\/www.silvajardim.rj.gov.br\/index.php\/2020\/08\/06\/live-referente-a-implantacao-dos-novos-servicos-da-saude-nesta-quinta-feira\/","title":{"rendered":"LIVE REFERENTE A IMPLANTA\u00c7\u00c3O DOS NOVOS SERVI\u00c7OS DA SA\u00daDE NESTA QUINTA-FEIRA"},"content":{"rendered":"\n<p>A Prefeitura de Silva Jardim promove nesta quinta-feira (6), a partir das 16h30, uma Live referente a Implanta\u00e7\u00e3o dos Nossos Servi\u00e7os de Sa\u00fade, com esclarecimentos e d\u00favidas em geral. A transmiss\u00e3o contar\u00e1 com as presen\u00e7as do Prefeito de Silva Jardim, Jaime Figueiredo, da Secret\u00e1ria Municipal de Sa\u00fade e Assist\u00eancia Social, Josiane Ferreira, e do M\u00e9dico, Felipe Pinto. Participe conosco!<\/p>\n\n\n\n<figure class=\"wp-block-image size-large\"><img decoding=\"async\" src=\"https:\/\/www.silvajardim.rj.gov.br\/wp-content\/uploads\/2020\/08\/116898875_3194263613962488_607763705681512518_o.jpg\" alt=\"\" class=\"wp-image-5219\" \/><\/figure>\n","protected":false},"excerpt":{"rendered":"<p>A Prefeitura de Silva Jardim promove nesta quinta-feira (6), a partir das 16h30, uma Live referente a Implanta\u00e7\u00e3o dos Nossos<\/p>\n","protected":false},"author":1,"featured_media":5219,"comment_status":"closed","ping_status":"closed","sticky":false,"template":"","format":"standard","meta":{"_mi_skip_tracking":false,"footnotes":""},"categories":[274,275],"tags":[],"class_list":["post-11658","post","type-post","status-publish","format-standard","has-post-thumbnail","hentry","category-covid19","category-saude"],"_links":{"self":[{"href":"https:\/\/www.silvajardim.rj.gov.br\/index.php\/wp-json\/wp\/v2\/posts\/11658","targetHints":{"allow":["GET"]}}],"collection":[{"href":"https:\/\/www.silvajardim.rj.gov.br\/index.php\/wp-json\/wp\/v2\/posts"}],"about":[{"href":"https:\/\/www.silvajardim.rj.gov.br\/index.php\/wp-json\/wp\/v2\/types\/post"}],"author":[{"embeddable":true,"href":"https:\/\/www.silvajardim.rj.gov.br\/index.php\/wp-json\/wp\/v2\/users\/1"}],"replies":[{"embeddable":true,"href":"https:\/\/www.silvajardim.rj.gov.br\/index.php\/wp-json\/wp\/v2\/comments?post=11658"}],"version-history":[{"count":0,"href":"https:\/\/www.silvajardim.rj.gov.br\/index.php\/wp-json\/wp\/v2\/posts\/11658\/revisions"}],"wp:featuredmedia":[{"embeddable":true,"href":"https:\/\/www.silvajardim.rj.gov.br\/index.php\/wp-json\/"}],"wp:attachment":[{"href":"https:\/\/www.silvajardim.rj.gov.br\/index.php\/wp-json\/wp\/v2\/media?parent=11658"}],"wp:term":[{"taxonomy":"category","embeddable":true,"href":"https:\/\/www.silvajardim.rj.gov.br\/index.php\/wp-json\/wp\/v2\/categories?post=11658"},{"taxonomy":"post_tag","embeddable":true,"href":"https:\/\/www.silvajardim.rj.gov.br\/index.php\/wp-json\/wp\/v2\/tags?post=11658"}],"curies":[{"name":"wp","href":"https:\/\/api.w.org\/{rel}","templated":true}]}}