{"id":11680,"date":"2020-08-17T15:59:55","date_gmt":"2020-08-17T18:59:55","guid":{"rendered":"https:\/\/www.silvajardim.rj.gov.br\/?p=5356"},"modified":"2020-08-17T15:59:55","modified_gmt":"2020-08-17T18:59:55","slug":"prefeitura-fara-uma-pausa-nas-divulgacoes-de-servicos-realizados-2","status":"publish","type":"post","link":"https:\/\/www.silvajardim.rj.gov.br\/index.php\/2020\/08\/17\/prefeitura-fara-uma-pausa-nas-divulgacoes-de-servicos-realizados-2\/","title":{"rendered":"PREFEITURA FAR\u00c1 UMA PAUSA NAS DIVULGA\u00c7\u00d5ES DE SERVI\u00c7OS REALIZADOS"},"content":{"rendered":"\n<p>A Prefeitura de Silva Jardim informa que em cumprimento a Legisla\u00e7\u00e3o Eleitoral, esta p\u00e1gina far\u00e1 uma pausa na divulga\u00e7\u00e3o de a\u00e7\u00f5es e servi\u00e7os realizados, com exce\u00e7\u00e3o a conte\u00fados de utilidade p\u00fablica, em raz\u00e3o do per\u00edodo eleitoral. O Executivo Municipal continuar\u00e1 atuando e desempenhando suas fun\u00e7\u00f5es normalmente.<\/p>\n\n\n\n<figure class=\"wp-block-image size-large\"><img decoding=\"async\" src=\"https:\/\/www.silvajardim.rj.gov.br\/wp-content\/uploads\/2020\/08\/PAUSA-1024x1024.png\" alt=\"\" class=\"wp-image-5357\" \/><\/figure>\n","protected":false},"excerpt":{"rendered":"<p>A Prefeitura de Silva Jardim informa que em cumprimento a Legisla\u00e7\u00e3o Eleitoral, esta p\u00e1gina far\u00e1 uma pausa na divulga\u00e7\u00e3o de<\/p>\n","protected":false},"author":1,"featured_media":5357,"comment_status":"closed","ping_status":"closed","sticky":false,"template":"","format":"standard","meta":{"_mi_skip_tracking":false,"footnotes":""},"categories":[273],"tags":[],"class_list":["post-11680","post","type-post","status-publish","format-standard","has-post-thumbnail","hentry","category-prefeitura"],"_links":{"self":[{"href":"https:\/\/www.silvajardim.rj.gov.br\/index.php\/wp-json\/wp\/v2\/posts\/11680","targetHints":{"allow":["GET"]}}],"collection":[{"href":"https:\/\/www.silvajardim.rj.gov.br\/index.php\/wp-json\/wp\/v2\/posts"}],"about":[{"href":"https:\/\/www.silvajardim.rj.gov.br\/index.php\/wp-json\/wp\/v2\/types\/post"}],"author":[{"embeddable":true,"href":"https:\/\/www.silvajardim.rj.gov.br\/index.php\/wp-json\/wp\/v2\/users\/1"}],"replies":[{"embeddable":true,"href":"https:\/\/www.silvajardim.rj.gov.br\/index.php\/wp-json\/wp\/v2\/comments?post=11680"}],"version-history":[{"count":0,"href":"https:\/\/www.silvajardim.rj.gov.br\/index.php\/wp-json\/wp\/v2\/posts\/11680\/revisions"}],"wp:featuredmedia":[{"embeddable":true,"href":"https:\/\/www.silvajardim.rj.gov.br\/index.php\/wp-json\/"}],"wp:attachment":[{"href":"https:\/\/www.silvajardim.rj.gov.br\/index.php\/wp-json\/wp\/v2\/media?parent=11680"}],"wp:term":[{"taxonomy":"category","embeddable":true,"href":"https:\/\/www.silvajardim.rj.gov.br\/index.php\/wp-json\/wp\/v2\/categories?post=11680"},{"taxonomy":"post_tag","embeddable":true,"href":"https:\/\/www.silvajardim.rj.gov.br\/index.php\/wp-json\/wp\/v2\/tags?post=11680"}],"curies":[{"name":"wp","href":"https:\/\/api.w.org\/{rel}","templated":true}]}}