{"id":11734,"date":"2021-11-23T21:15:57","date_gmt":"2021-11-24T00:15:57","guid":{"rendered":"https:\/\/www.silvajardim.rj.gov.br\/?p=7259"},"modified":"2021-11-23T21:15:57","modified_gmt":"2021-11-24T00:15:57","slug":"secretario-de-agricultura-do-municipio-se-reune-com-secretario-estadual-em-busca-de-desenvolvimento-regional","status":"publish","type":"post","link":"https:\/\/www.silvajardim.rj.gov.br\/index.php\/2021\/11\/23\/secretario-de-agricultura-do-municipio-se-reune-com-secretario-estadual-em-busca-de-desenvolvimento-regional\/","title":{"rendered":"Secret\u00e1rio de agricultura do munic\u00edpio se re\u00fane com secret\u00e1rio estadual em busca de desenvolvimento regional"},"content":{"rendered":"\n<figure class=\"wp-block-image size-large is-resized\"><img loading=\"lazy\" decoding=\"async\" src=\"https:\/\/www.silvajardim.rj.gov.br\/wp-content\/uploads\/2021\/11\/WhatsApp-Image-2021-11-23-at-11.56.52-1024x768.jpeg\" alt=\"\" class=\"wp-image-7260\" width=\"534\" height=\"400\"\/><\/figure>\n\n\n\n<p>O Secret\u00e1rio Municipal de Agricultura Abastecimento e Pesca, Cleber Marins de Moraes da Silva e Jos\u00e9 Roberto Tereza Filho (Gerente T\u00e9cnico Regional Centro &#8211; EMATER-RJ) se reuniram, nesta semana, com o Secret\u00e1rio de Agricultura do Estado do Rio de Janeiro &#8211; SEAPA; Sr. Marcelo Queiroz e sua Equipe T\u00e9cnica.<\/p>\n<p>A reuni\u00e3o, teve por objetivo principal estreitar parcerias com a pasta, visando o desenvolvimento das atividades da agricultura no nosso Munic\u00edpio.<\/p>\n\n\n\n<p><\/p>\n","protected":false},"excerpt":{"rendered":"<p>O Secret\u00e1rio Municipal de Agricultura Abastecimento e Pesca, Cleber Marins de Moraes da Silva e Jos\u00e9 Roberto Tereza Filho (Gerente<\/p>\n","protected":false},"author":1,"featured_media":7260,"comment_status":"closed","ping_status":"closed","sticky":false,"template":"","format":"standard","meta":{"_mi_skip_tracking":false,"footnotes":""},"categories":[272],"tags":[],"class_list":["post-11734","post","type-post","status-publish","format-standard","has-post-thumbnail","hentry","category-agricultura"],"_links":{"self":[{"href":"https:\/\/www.silvajardim.rj.gov.br\/index.php\/wp-json\/wp\/v2\/posts\/11734","targetHints":{"allow":["GET"]}}],"collection":[{"href":"https:\/\/www.silvajardim.rj.gov.br\/index.php\/wp-json\/wp\/v2\/posts"}],"about":[{"href":"https:\/\/www.silvajardim.rj.gov.br\/index.php\/wp-json\/wp\/v2\/types\/post"}],"author":[{"embeddable":true,"href":"https:\/\/www.silvajardim.rj.gov.br\/index.php\/wp-json\/wp\/v2\/users\/1"}],"replies":[{"embeddable":true,"href":"https:\/\/www.silvajardim.rj.gov.br\/index.php\/wp-json\/wp\/v2\/comments?post=11734"}],"version-history":[{"count":1,"href":"https:\/\/www.silvajardim.rj.gov.br\/index.php\/wp-json\/wp\/v2\/posts\/11734\/revisions"}],"predecessor-version":[{"id":11849,"href":"https:\/\/www.silvajardim.rj.gov.br\/index.php\/wp-json\/wp\/v2\/posts\/11734\/revisions\/11849"}],"wp:featuredmedia":[{"embeddable":true,"href":"https:\/\/www.silvajardim.rj.gov.br\/index.php\/wp-json\/"}],"wp:attachment":[{"href":"https:\/\/www.silvajardim.rj.gov.br\/index.php\/wp-json\/wp\/v2\/media?parent=11734"}],"wp:term":[{"taxonomy":"category","embeddable":true,"href":"https:\/\/www.silvajardim.rj.gov.br\/index.php\/wp-json\/wp\/v2\/categories?post=11734"},{"taxonomy":"post_tag","embeddable":true,"href":"https:\/\/www.silvajardim.rj.gov.br\/index.php\/wp-json\/wp\/v2\/tags?post=11734"}],"curies":[{"name":"wp","href":"https:\/\/api.w.org\/{rel}","templated":true}]}}