{"id":11739,"date":"2021-12-03T11:16:38","date_gmt":"2021-12-03T14:16:38","guid":{"rendered":"https:\/\/www.silvajardim.rj.gov.br\/?p=7346"},"modified":"2022-01-18T14:09:31","modified_gmt":"2022-01-18T17:09:31","slug":"representantes-da-caixa-economica-federal-vem-a-silva-jardim-conhecer-a-prefeita-maira-branco-e-ouvir-as-demandas-municipais","status":"publish","type":"post","link":"https:\/\/www.silvajardim.rj.gov.br\/index.php\/2021\/12\/03\/representantes-da-caixa-economica-federal-vem-a-silva-jardim-conhecer-a-prefeita-maira-branco-e-ouvir-as-demandas-municipais\/","title":{"rendered":"Representantes da Caixa Econ\u00f4mica Federal vem a Silva Jardim conhecer a Prefeita Maira Branco e ouvir as demandas municipais"},"content":{"rendered":"\n<figure class=\"wp-block-gallery columns-2 is-cropped wp-block-gallery-1 is-layout-flex wp-block-gallery-is-layout-flex\"><ul class=\"blocks-gallery-grid\"><li class=\"blocks-gallery-item\"><figure><a href=\"https:\/\/www.silvajardim.rj.gov.br\/wp-content\/uploads\/2021\/12\/WhatsApp-Image-2021-12-01-at-12.23.52-1.jpeg\"><img decoding=\"async\" src=\"https:\/\/www.silvajardim.rj.gov.br\/wp-content\/uploads\/2021\/12\/WhatsApp-Image-2021-12-01-at-12.23.52-1-1024x682.jpeg\" alt=\"\" data-id=\"7347\" data-full-url=\"https:\/\/www.silvajardim.rj.gov.br\/wp-content\/uploads\/2021\/12\/WhatsApp-Image-2021-12-01-at-12.23.52-1.jpeg\" data-link=\"https:\/\/www.silvajardim.rj.gov.br\/?attachment_id=7347\" class=\"wp-image-7347\"\/><\/a><\/figure><\/li><li class=\"blocks-gallery-item\"><figure><a href=\"https:\/\/www.silvajardim.rj.gov.br\/wp-content\/uploads\/2021\/12\/WhatsApp-Image-2021-12-01-at-12.23.52.jpeg\"><img decoding=\"async\" src=\"https:\/\/www.silvajardim.rj.gov.br\/wp-content\/uploads\/2021\/12\/WhatsApp-Image-2021-12-01-at-12.23.52-1024x682.jpeg\" alt=\"\" data-id=\"7348\" data-full-url=\"https:\/\/www.silvajardim.rj.gov.br\/wp-content\/uploads\/2021\/12\/WhatsApp-Image-2021-12-01-at-12.23.52.jpeg\" data-link=\"https:\/\/www.silvajardim.rj.gov.br\/?attachment_id=7348\" class=\"wp-image-7348\"\/><\/a><\/figure><\/li><\/ul><\/figure>\n\n\n\n<p align=\"left\"><span style=\"font-family: Arial, sans-serif;\">Nesta segunda-feira (29), a equipe do Governo Municipal de Silva Jardim realizou um encontro com t\u00e9cnicos da Caixa Econ\u00f4mica Federal. A visita teve como um de seus objetivos conhecer a Prefeita Maira Figueiredo e apresentar mecanismos de investimento que possam trazer benef\u00edcios para o munic\u00edpio.<br>Foram recebidos a superintendente de governo, Walesca Oliveira, o gerente geral da Caixa Econ\u00f4mica de Rio Bonito Keyvin da Cunha Oliveira, a gerente de carteira PJ Daniele Cunha, a representante da Caixa que atende ao munic\u00edpio, Ana Carolina Nunes Damiati e a gestora municipal de conv\u00eanios Roberta Fernandes.<br>Durante o encontro, eles debateram a import\u00e2ncia do GIGOV &#8211; Ger\u00eancia do Governo da Caixa Econ\u00f4mica Federal &#8211; para intermediar projetos entre a Prefeitura e os minist\u00e9rios do Governo Federal.<br>Os t\u00e9cnicos se colocaram \u00e0 disposi\u00e7\u00e3o do munic\u00edpio, para auxiliar no que for preciso, trazendo mais benef\u00edcios, a\u00e7\u00f5es e investimentos que contribuam para o progresso da regi\u00e3o<\/span><\/p>\n","protected":false},"excerpt":{"rendered":"<p>Nesta segunda-feira (29), a equipe do Governo Municipal de Silva Jardim realizou um encontro com t\u00e9cnicos da Caixa Econ\u00f4mica Federal.<\/p>\n","protected":false},"author":1,"featured_media":11821,"comment_status":"closed","ping_status":"closed","sticky":false,"template":"","format":"standard","meta":{"_mi_skip_tracking":false,"footnotes":""},"categories":[273],"tags":[],"class_list":["post-11739","post","type-post","status-publish","format-standard","has-post-thumbnail","hentry","category-prefeitura"],"_links":{"self":[{"href":"https:\/\/www.silvajardim.rj.gov.br\/index.php\/wp-json\/wp\/v2\/posts\/11739","targetHints":{"allow":["GET"]}}],"collection":[{"href":"https:\/\/www.silvajardim.rj.gov.br\/index.php\/wp-json\/wp\/v2\/posts"}],"about":[{"href":"https:\/\/www.silvajardim.rj.gov.br\/index.php\/wp-json\/wp\/v2\/types\/post"}],"author":[{"embeddable":true,"href":"https:\/\/www.silvajardim.rj.gov.br\/index.php\/wp-json\/wp\/v2\/users\/1"}],"replies":[{"embeddable":true,"href":"https:\/\/www.silvajardim.rj.gov.br\/index.php\/wp-json\/wp\/v2\/comments?post=11739"}],"version-history":[{"count":1,"href":"https:\/\/www.silvajardim.rj.gov.br\/index.php\/wp-json\/wp\/v2\/posts\/11739\/revisions"}],"predecessor-version":[{"id":11819,"href":"https:\/\/www.silvajardim.rj.gov.br\/index.php\/wp-json\/wp\/v2\/posts\/11739\/revisions\/11819"}],"wp:featuredmedia":[{"embeddable":true,"href":"https:\/\/www.silvajardim.rj.gov.br\/index.php\/wp-json\/wp\/v2\/media\/11821"}],"wp:attachment":[{"href":"https:\/\/www.silvajardim.rj.gov.br\/index.php\/wp-json\/wp\/v2\/media?parent=11739"}],"wp:term":[{"taxonomy":"category","embeddable":true,"href":"https:\/\/www.silvajardim.rj.gov.br\/index.php\/wp-json\/wp\/v2\/categories?post=11739"},{"taxonomy":"post_tag","embeddable":true,"href":"https:\/\/www.silvajardim.rj.gov.br\/index.php\/wp-json\/wp\/v2\/tags?post=11739"}],"curies":[{"name":"wp","href":"https:\/\/api.w.org\/{rel}","templated":true}]}}