{"id":11744,"date":"2021-12-07T20:10:03","date_gmt":"2021-12-07T23:10:03","guid":{"rendered":"https:\/\/www.silvajardim.rj.gov.br\/?p=7359"},"modified":"2022-01-19T18:13:41","modified_gmt":"2022-01-19T21:13:41","slug":"vacinacao-animal-foi-um-sucesso","status":"publish","type":"post","link":"https:\/\/www.silvajardim.rj.gov.br\/index.php\/2021\/12\/07\/vacinacao-animal-foi-um-sucesso\/","title":{"rendered":"Vacina\u00e7\u00e3o animal foi um sucesso!"},"content":{"rendered":"\n<p>A coordena\u00e7\u00e3o de Vigil\u00e2ncia em Sa\u00fade Municipal juntamente com a coord. de Vigil\u00e2ncia Ambiental, da secretaria municipal de sa\u00fade, obtiveram \u00eaxito na campanha de vacina\u00e7\u00e3o antirr\u00e1bica em alcan\u00e7ar a meta e ultrapassar em n\u00fameros bastante significativos, desde o dia que iniciou a pr\u00e9 campanha , at\u00e9 a data do dia (D ) 04\/12\/2021, onde foram vacinados, mais de 6.000 mil animais em nosso territ\u00f3rio.<\/p>\n\n\n\n<figure class=\"wp-block-gallery columns-2 is-cropped wp-block-gallery-1 is-layout-flex wp-block-gallery-is-layout-flex\"><ul class=\"blocks-gallery-grid\"><li class=\"blocks-gallery-item\"><figure><img decoding=\"async\" src=\"https:\/\/www.silvajardim.rj.gov.br\/wp-content\/uploads\/2021\/12\/WhatsApp-Image-2021-12-07-at-09.44.15-1.jpeg\" alt=\"\" data-id=\"7360\" data-full-url=\"https:\/\/www.silvajardim.rj.gov.br\/wp-content\/uploads\/2021\/12\/WhatsApp-Image-2021-12-07-at-09.44.15-1.jpeg\" data-link=\"https:\/\/www.silvajardim.rj.gov.br\/?attachment_id=7360\" class=\"wp-image-7360\"\/><\/figure><\/li><li class=\"blocks-gallery-item\"><figure><img decoding=\"async\" src=\"https:\/\/www.silvajardim.rj.gov.br\/wp-content\/uploads\/2021\/12\/WhatsApp-Image-2021-12-07-at-09.44.15.jpeg\" alt=\"\" data-id=\"7361\" data-full-url=\"https:\/\/www.silvajardim.rj.gov.br\/wp-content\/uploads\/2021\/12\/WhatsApp-Image-2021-12-07-at-09.44.15.jpeg\" data-link=\"https:\/\/www.silvajardim.rj.gov.br\/?attachment_id=7361\" class=\"wp-image-7361\"\/><\/figure><\/li><\/ul><\/figure>\n","protected":false},"excerpt":{"rendered":"<p>A coordena\u00e7\u00e3o de Vigil\u00e2ncia em Sa\u00fade Municipal juntamente com a coord. de Vigil\u00e2ncia Ambiental, da secretaria municipal de sa\u00fade, obtiveram<\/p>\n","protected":false},"author":1,"featured_media":11836,"comment_status":"closed","ping_status":"closed","sticky":false,"template":"","format":"standard","meta":{"_mi_skip_tracking":false,"footnotes":""},"categories":[275],"tags":[],"class_list":["post-11744","post","type-post","status-publish","format-standard","has-post-thumbnail","hentry","category-saude"],"_links":{"self":[{"href":"https:\/\/www.silvajardim.rj.gov.br\/index.php\/wp-json\/wp\/v2\/posts\/11744","targetHints":{"allow":["GET"]}}],"collection":[{"href":"https:\/\/www.silvajardim.rj.gov.br\/index.php\/wp-json\/wp\/v2\/posts"}],"about":[{"href":"https:\/\/www.silvajardim.rj.gov.br\/index.php\/wp-json\/wp\/v2\/types\/post"}],"author":[{"embeddable":true,"href":"https:\/\/www.silvajardim.rj.gov.br\/index.php\/wp-json\/wp\/v2\/users\/1"}],"replies":[{"embeddable":true,"href":"https:\/\/www.silvajardim.rj.gov.br\/index.php\/wp-json\/wp\/v2\/comments?post=11744"}],"version-history":[{"count":1,"href":"https:\/\/www.silvajardim.rj.gov.br\/index.php\/wp-json\/wp\/v2\/posts\/11744\/revisions"}],"predecessor-version":[{"id":11837,"href":"https:\/\/www.silvajardim.rj.gov.br\/index.php\/wp-json\/wp\/v2\/posts\/11744\/revisions\/11837"}],"wp:featuredmedia":[{"embeddable":true,"href":"https:\/\/www.silvajardim.rj.gov.br\/index.php\/wp-json\/wp\/v2\/media\/11836"}],"wp:attachment":[{"href":"https:\/\/www.silvajardim.rj.gov.br\/index.php\/wp-json\/wp\/v2\/media?parent=11744"}],"wp:term":[{"taxonomy":"category","embeddable":true,"href":"https:\/\/www.silvajardim.rj.gov.br\/index.php\/wp-json\/wp\/v2\/categories?post=11744"},{"taxonomy":"post_tag","embeddable":true,"href":"https:\/\/www.silvajardim.rj.gov.br\/index.php\/wp-json\/wp\/v2\/tags?post=11744"}],"curies":[{"name":"wp","href":"https:\/\/api.w.org\/{rel}","templated":true}]}}