{"id":12954,"date":"2022-02-18T17:01:42","date_gmt":"2022-02-18T20:01:42","guid":{"rendered":"https:\/\/www.silvajardim.rj.gov.br\/?p=12954"},"modified":"2022-03-04T17:02:13","modified_gmt":"2022-03-04T20:02:13","slug":"prefeitura-e-estado-firmam-parceria-para-melhoria-das-estradas-do-municipio","status":"publish","type":"post","link":"https:\/\/www.silvajardim.rj.gov.br\/index.php\/2022\/02\/18\/prefeitura-e-estado-firmam-parceria-para-melhoria-das-estradas-do-municipio\/","title":{"rendered":"Prefeitura e Estado firmam parceria para melhoria das estradas do munic\u00edpio"},"content":{"rendered":"\n\n\n<p align=\"justify\"><span style=\"color: #000000;\"><span style=\"font-family: Open Sans, sans-serif;\"><span style=\"font-size: large;\">A Prefeitura Municipal de Silva Jardim <\/span><\/span><\/span><span style=\"color: #000000;\"><span style=\"font-family: Open Sans, sans-serif;\"><span style=\"font-size: large;\">firmou parceria <\/span><\/span><\/span><span style=\"color: #000000;\"><span style=\"font-family: Open Sans, sans-serif;\"><span style=\"font-size: large;\">com a Secretaria de Agricultura Pecu\u00e1ria, Pesca e Abastecimento do Estado do Rio de Janeiro<\/span><\/span><\/span><span style=\"color: #000000;\"><span style=\"font-family: Open Sans, sans-serif;\"><span style=\"font-size: large;\"> buscando a melhoria das estradas rurais do munic\u00edpio. Est<\/span><\/span><\/span><span style=\"color: #000000;\"><span style=\"font-family: Open Sans, sans-serif;\"><span style=\"font-size: large;\">a realiza\u00e7\u00e3o<\/span><\/span><\/span><span style=\"color: #000000;\"><span style=\"font-family: Open Sans, sans-serif;\"><span style=\"font-size: large;\">, al\u00e9m de incrementar a infraestrutura do meio rural, contribui para melhorar o escoamento da produ\u00e7\u00e3o regional. <\/span><\/span><\/span><span style=\"color: #000000;\"><span style=\"font-family: Open Sans, sans-serif;\"><span style=\"font-size: large;\">Os trabalhos <\/span><\/span><\/span><span style=\"color: #000000;\"><span style=\"font-family: Open Sans, sans-serif;\"><span style=\"font-size: large;\">foram iniciados<\/span><\/span><\/span><span style=\"color: #000000;\"><span style=\"font-family: Open Sans, sans-serif;\"><span style=\"font-size: large;\"> no <\/span><\/span><\/span><span style=\"color: #000000;\"><span style=\"font-family: Open Sans, sans-serif;\"><span style=\"font-size: large;\">dia 15 de fevereiro <\/span><\/span><\/span><span style=\"color: #000000;\"><span style=\"font-family: Open Sans, sans-serif;\"><span style=\"font-size: large;\">deste ano.<\/span><\/span><\/span><\/p>\n<p align=\"justify\"><span style=\"color: #000000;\"><span style=\"font-family: Open Sans, sans-serif;\"><span style=\"font-size: large;\">A primeira comunidade a ser contemplada <\/span><\/span><\/span> <span style=\"color: #000000;\"><span style=\"font-family: Open Sans, sans-serif;\"><span style=\"font-size: large;\">foi o <\/span><\/span><\/span><span style=\"color: #000000;\"><span style=\"font-family: Open Sans, sans-serif;\"><span style=\"font-size: large;\">Assentamento de Reforma Agr\u00e1ria Cambucaes, <\/span><\/span><\/span><span style=\"color: #000000;\"><span style=\"font-family: Open Sans, sans-serif;\"><span style=\"font-size: large;\">cuja a\u00e7\u00e3o contou com<\/span><\/span><\/span><span style=\"color: #000000;\"><span style=\"font-family: Open Sans, sans-serif;\"><span style=\"font-size: large;\"> os seguintes equipamento<\/span><\/span><\/span><span style=\"color: #000000;\"><span style=\"font-family: Open Sans, sans-serif;\"><span style=\"font-size: large;\">s cedidos pelo estado<\/span><\/span><\/span><span style=\"color: #000000;\"><span style=\"font-family: Open Sans, sans-serif;\"><span style=\"font-size: large;\">: uma<\/span><\/span><\/span> <span style=\"color: #000000;\"><span style=\"font-family: Open Sans, sans-serif;\"><span style=\"font-size: large;\">P<\/span><\/span><\/span><span style=\"color: #000000;\"><span style=\"font-family: Open Sans, sans-serif;\"><span style=\"font-size: large;\">atrol<\/span><\/span><\/span><span style=\"color: #000000;\"><span style=\"font-family: Open Sans, sans-serif;\"><span style=\"font-size: large;\">, uma<\/span><\/span><\/span> <span style=\"color: #000000;\"><span style=\"font-family: Open Sans, sans-serif;\"><span style=\"font-size: large;\">Retroescavadeira<\/span><\/span><\/span><span style=\"color: #000000;\"><span style=\"font-family: Open Sans, sans-serif;\"><span style=\"font-size: large;\">, <\/span><\/span><\/span><span style=\"color: #000000;\"><span style=\"font-family: Open Sans, sans-serif;\"><span style=\"font-size: large;\">uma<\/span><\/span><\/span> <span style=\"color: #000000;\"><span style=\"font-family: Open Sans, sans-serif;\"><span style=\"font-size: large;\">P<\/span><\/span><\/span><span style=\"color: #000000;\"><span style=\"font-family: Open Sans, sans-serif;\"><span style=\"font-size: large;\">\u00e1 <\/span><\/span><\/span><span style=\"color: #000000;\"><span style=\"font-family: Open Sans, sans-serif;\"><span style=\"font-size: large;\">M<\/span><\/span><\/span><span style=\"color: #000000;\"><span style=\"font-family: Open Sans, sans-serif;\"><span style=\"font-size: large;\">ec\u00e2nica, <\/span><\/span><\/span><span style=\"color: #000000;\"><span style=\"font-family: Open Sans, sans-serif;\"><span style=\"font-size: large;\">um<\/span><\/span><\/span> <span style=\"color: #000000;\"><span style=\"font-family: Open Sans, sans-serif;\"><span style=\"font-size: large;\">R<\/span><\/span><\/span><span style=\"color: #000000;\"><span style=\"font-family: Open Sans, sans-serif;\"><span style=\"font-size: large;\">olo, <\/span><\/span><\/span><span style=\"color: #000000;\"><span style=\"font-family: Open Sans, sans-serif;\"><span style=\"font-size: large;\">dois <\/span><\/span><\/span><span style=\"color: #000000;\"><span style=\"font-family: Open Sans, sans-serif;\"><span style=\"font-size: large;\">C<\/span><\/span><\/span><span style=\"color: #000000;\"><span style=\"font-family: Open Sans, sans-serif;\"><span style=\"font-size: large;\">aminh\u00f5es<\/span><\/span><\/span> <span style=\"color: #000000;\"><span style=\"font-family: Open Sans, sans-serif;\"><span style=\"font-size: large;\">T<\/span><\/span><\/span><span style=\"color: #000000;\"><span style=\"font-family: Open Sans, sans-serif;\"><span style=\"font-size: large;\">oco, <\/span><\/span><\/span><span style=\"color: #000000;\"><span style=\"font-family: Open Sans, sans-serif;\"><span style=\"font-size: large;\">um<\/span><\/span><\/span> <span style=\"color: #000000;\"><span style=\"font-family: Open Sans, sans-serif;\"><span style=\"font-size: large;\">Caminh\u00e3o-pipa <\/span><\/span><\/span><span style=\"color: #000000;\"><span style=\"font-family: Open Sans, sans-serif;\"><span style=\"font-size: large;\">e<\/span><\/span><\/span> <span style=\"color: #000000;\"><span style=\"font-family: Open Sans, sans-serif;\"><span style=\"font-size: large;\">um<\/span><\/span><\/span> <span style=\"color: #000000;\"><span style=\"font-family: Open Sans, sans-serif;\"><span style=\"font-size: large;\">T<\/span><\/span><\/span><span style=\"color: #000000;\"><span style=\"font-family: Open Sans, sans-serif;\"><span style=\"font-size: large;\">rator. <\/span><\/span><\/span><span style=\"color: #000000;\"><span style=\"font-family: Open Sans, sans-serif;\"><span style=\"font-size: large;\">Est<\/span><\/span><\/span><span style=\"color: #000000;\"><span style=\"font-family: Open Sans, sans-serif;\"><span style=\"font-size: large;\">ava<\/span><\/span><\/span><span style=\"color: #000000;\"><span style=\"font-family: Open Sans, sans-serif;\"><span style=\"font-size: large;\">m<\/span><\/span><\/span><span style=\"color: #000000;\"><span style=\"font-family: Open Sans, sans-serif;\"><span style=\"font-size: large;\"> p<\/span><\/span><\/span><span style=\"color: #000000;\"><span style=\"font-family: Open Sans, sans-serif;\"><span style=\"font-size: large;\">resente<\/span><\/span><\/span><span style=\"color: #000000;\"><span style=\"font-family: Open Sans, sans-serif;\"><span style=\"font-size: large;\">s \u00e0 entrega do equipamento<\/span><\/span><\/span> <span style=\"color: #000000;\"><span style=\"font-family: Open Sans, sans-serif;\"><span style=\"font-size: large;\">a <\/span><\/span><\/span><span style=\"color: #000000;\"><span style=\"font-family: Open Sans, sans-serif;\"><span style=\"font-size: large;\">Prefeita <\/span><\/span><\/span><span style=\"color: #000000;\"><span style=\"font-family: Open Sans, sans-serif;\"><span style=\"font-size: large;\">Maira Figueredo Monteir<\/span><\/span><\/span><span style=\"color: #000000;\"><span style=\"font-family: Open Sans, sans-serif;\"><span style=\"font-size: large;\">o<\/span><\/span><\/span><span style=\"color: #000000;\"><span style=\"font-family: Open Sans, sans-serif;\"><span style=\"font-size: large;\">, <\/span><\/span><\/span><span style=\"color: #000000;\"><span style=\"font-family: Open Sans, sans-serif;\"><span style=\"font-size: large;\">o<\/span><\/span><\/span> <span style=\"color: #000000;\"><span style=\"font-family: Open Sans, sans-serif;\"><span style=\"font-size: large;\">V<\/span><\/span><\/span><span style=\"color: #000000;\"><span style=\"font-family: Open Sans, sans-serif;\"><span style=\"font-size: large;\">ice Prefeito Marco Jo\u00e3o, <\/span><\/span><\/span><span style=\"color: #000000;\"><span style=\"font-family: Open Sans, sans-serif;\"><span style=\"font-size: large;\">o <\/span><\/span><\/span><span style=\"color: #000000;\"><span style=\"font-family: Open Sans, sans-serif;\"><span style=\"font-size: large;\">Secret\u00e1rio de Agricultura Abastecimento e Pesca, Cl\u00e9ber do Mato Alto e o Subsecret\u00e1rio de Agricultura Silvinho <\/span><\/span><\/span><span style=\"color: #000000;\"><span style=\"font-family: Open Sans, sans-serif;\"><span style=\"font-size: large;\">do Coqueiro <\/span><\/span><\/span><span style=\"color: #000000;\"><span style=\"font-family: Open Sans, sans-serif;\"><span style=\"font-size: large;\">e o Presidente da Associa\u00e7\u00e3o do Assentamento Cabucaes, Jean Ribeiro<\/span><\/span><\/span><span style=\"color: #000000;\"><span style=\"font-family: Open Sans, sans-serif;\"><span style=\"font-size: large;\">.<\/span><\/span><\/span><\/p>\n\n\n\n<figure class=\"wp-block-gallery has-nested-images columns-default is-cropped wp-block-gallery-1 is-layout-flex wp-block-gallery-is-layout-flex\"><\/figure>\n\n\n\n<figure class=\"wp-block-image size-full is-resized\"><img loading=\"lazy\" decoding=\"async\" src=\"https:\/\/www.silvajardim.rj.gov.br\/wp-content\/uploads\/2022\/03\/Imagenovas001.jpg\" alt=\"\" class=\"wp-image-12955\" width=\"511\" height=\"383\" srcset=\"https:\/\/www.silvajardim.rj.gov.br\/wp-content\/uploads\/2022\/03\/Imagenovas001.jpg 800w, https:\/\/www.silvajardim.rj.gov.br\/wp-content\/uploads\/2022\/03\/Imagenovas001-300x225.jpg 300w, https:\/\/www.silvajardim.rj.gov.br\/wp-content\/uploads\/2022\/03\/Imagenovas001-768x576.jpg 768w\" sizes=\"auto, (max-width: 511px) 100vw, 511px\" \/><\/figure>\n","protected":false},"excerpt":{"rendered":"<p>A Prefeitura Municipal de Silva Jardim firmou parceria com a Secretaria de Agricultura Pecu\u00e1ria, Pesca e Abastecimento do Estado do<\/p>\n","protected":false},"author":2,"featured_media":12955,"comment_status":"open","ping_status":"open","sticky":false,"template":"","format":"standard","meta":{"_mi_skip_tracking":false,"footnotes":""},"categories":[272],"tags":[],"class_list":["post-12954","post","type-post","status-publish","format-standard","has-post-thumbnail","hentry","category-agricultura"],"_links":{"self":[{"href":"https:\/\/www.silvajardim.rj.gov.br\/index.php\/wp-json\/wp\/v2\/posts\/12954","targetHints":{"allow":["GET"]}}],"collection":[{"href":"https:\/\/www.silvajardim.rj.gov.br\/index.php\/wp-json\/wp\/v2\/posts"}],"about":[{"href":"https:\/\/www.silvajardim.rj.gov.br\/index.php\/wp-json\/wp\/v2\/types\/post"}],"author":[{"embeddable":true,"href":"https:\/\/www.silvajardim.rj.gov.br\/index.php\/wp-json\/wp\/v2\/users\/2"}],"replies":[{"embeddable":true,"href":"https:\/\/www.silvajardim.rj.gov.br\/index.php\/wp-json\/wp\/v2\/comments?post=12954"}],"version-history":[{"count":1,"href":"https:\/\/www.silvajardim.rj.gov.br\/index.php\/wp-json\/wp\/v2\/posts\/12954\/revisions"}],"predecessor-version":[{"id":12957,"href":"https:\/\/www.silvajardim.rj.gov.br\/index.php\/wp-json\/wp\/v2\/posts\/12954\/revisions\/12957"}],"wp:featuredmedia":[{"embeddable":true,"href":"https:\/\/www.silvajardim.rj.gov.br\/index.php\/wp-json\/wp\/v2\/media\/12955"}],"wp:attachment":[{"href":"https:\/\/www.silvajardim.rj.gov.br\/index.php\/wp-json\/wp\/v2\/media?parent=12954"}],"wp:term":[{"taxonomy":"category","embeddable":true,"href":"https:\/\/www.silvajardim.rj.gov.br\/index.php\/wp-json\/wp\/v2\/categories?post=12954"},{"taxonomy":"post_tag","embeddable":true,"href":"https:\/\/www.silvajardim.rj.gov.br\/index.php\/wp-json\/wp\/v2\/tags?post=12954"}],"curies":[{"name":"wp","href":"https:\/\/api.w.org\/{rel}","templated":true}]}}