{"id":13455,"date":"2022-04-07T16:14:54","date_gmt":"2022-04-07T19:14:54","guid":{"rendered":"https:\/\/www.silvajardim.rj.gov.br\/?p=13455"},"modified":"2022-04-07T16:16:03","modified_gmt":"2022-04-07T19:16:03","slug":"atleta-de-silva-jardim-conquista-campeonato-de-taekwondo-no-nordeste","status":"publish","type":"post","link":"https:\/\/www.silvajardim.rj.gov.br\/index.php\/2022\/04\/07\/atleta-de-silva-jardim-conquista-campeonato-de-taekwondo-no-nordeste\/","title":{"rendered":"Atleta de Silva Jardim conquista campeonato de Taekwondo no nordeste"},"content":{"rendered":"\n\n\n\n\n<figure class=\"wp-block-gallery has-nested-images columns-default is-cropped wp-block-gallery-1 is-layout-flex wp-block-gallery-is-layout-flex\">\n<figure class=\"wp-block-image size-large\"><img loading=\"lazy\" decoding=\"async\" width=\"900\" height=\"900\" data-id=\"13456\" src=\"https:\/\/www.silvajardim.rj.gov.br\/wp-content\/uploads\/2022\/04\/277303007_4997115347010630_6991162414173858524_n.jpg\" alt=\"\" class=\"wp-image-13456\" srcset=\"https:\/\/www.silvajardim.rj.gov.br\/wp-content\/uploads\/2022\/04\/277303007_4997115347010630_6991162414173858524_n.jpg 900w, https:\/\/www.silvajardim.rj.gov.br\/wp-content\/uploads\/2022\/04\/277303007_4997115347010630_6991162414173858524_n-300x300.jpg 300w, https:\/\/www.silvajardim.rj.gov.br\/wp-content\/uploads\/2022\/04\/277303007_4997115347010630_6991162414173858524_n-150x150.jpg 150w, https:\/\/www.silvajardim.rj.gov.br\/wp-content\/uploads\/2022\/04\/277303007_4997115347010630_6991162414173858524_n-768x768.jpg 768w\" sizes=\"auto, (max-width: 900px) 100vw, 900px\" \/><\/figure>\n\n\n\n<figure class=\"wp-block-image size-large\"><img loading=\"lazy\" decoding=\"async\" width=\"1024\" height=\"1024\" data-id=\"13458\" src=\"https:\/\/www.silvajardim.rj.gov.br\/wp-content\/uploads\/2022\/04\/277303147_4997115337010631_8283527933648377494_n-1024x1024.jpg\" alt=\"\" class=\"wp-image-13458\" srcset=\"https:\/\/www.silvajardim.rj.gov.br\/wp-content\/uploads\/2022\/04\/277303147_4997115337010631_8283527933648377494_n-1024x1024.jpg 1024w, https:\/\/www.silvajardim.rj.gov.br\/wp-content\/uploads\/2022\/04\/277303147_4997115337010631_8283527933648377494_n-300x300.jpg 300w, https:\/\/www.silvajardim.rj.gov.br\/wp-content\/uploads\/2022\/04\/277303147_4997115337010631_8283527933648377494_n-150x150.jpg 150w, https:\/\/www.silvajardim.rj.gov.br\/wp-content\/uploads\/2022\/04\/277303147_4997115337010631_8283527933648377494_n-768x768.jpg 768w, https:\/\/www.silvajardim.rj.gov.br\/wp-content\/uploads\/2022\/04\/277303147_4997115337010631_8283527933648377494_n.jpg 1200w\" sizes=\"auto, (max-width: 1024px) 100vw, 1024px\" \/><\/figure>\n\n\n\n<figure class=\"wp-block-image size-large\"><img loading=\"lazy\" decoding=\"async\" width=\"1024\" height=\"1024\" data-id=\"13457\" src=\"https:\/\/www.silvajardim.rj.gov.br\/wp-content\/uploads\/2022\/04\/277352928_4997115340343964_6307766375223864227_n-1024x1024.jpg\" alt=\"\" class=\"wp-image-13457\" srcset=\"https:\/\/www.silvajardim.rj.gov.br\/wp-content\/uploads\/2022\/04\/277352928_4997115340343964_6307766375223864227_n-1024x1024.jpg 1024w, https:\/\/www.silvajardim.rj.gov.br\/wp-content\/uploads\/2022\/04\/277352928_4997115340343964_6307766375223864227_n-300x300.jpg 300w, https:\/\/www.silvajardim.rj.gov.br\/wp-content\/uploads\/2022\/04\/277352928_4997115340343964_6307766375223864227_n-150x150.jpg 150w, https:\/\/www.silvajardim.rj.gov.br\/wp-content\/uploads\/2022\/04\/277352928_4997115340343964_6307766375223864227_n-768x768.jpg 768w, https:\/\/www.silvajardim.rj.gov.br\/wp-content\/uploads\/2022\/04\/277352928_4997115340343964_6307766375223864227_n.jpg 1200w\" sizes=\"auto, (max-width: 1024px) 100vw, 1024px\" \/><\/figure>\n<\/figure>\n\n\n\n<p>O faixa preta silvajardinense Wanderson Batista da Silva conquistou o 1\u00ba lugar no ranking estadual <br \/>pernambucano e a 5\u00aa coloca\u00e7\u00e3o na seletiva para o campeonato nacional. A disputa ocorreu em Recife, nos dias 02 e 03 <br \/>de abril. Ele luta h\u00e1 22 anos e participa de competi\u00e7\u00f5es h\u00e1 16. O atleta coleciona 69 medalhas e 12 trof\u00e9us em sua <br \/>carreira.<br \/>Wanderson foi recebido pela prefeita Maira Figueiredo, que enalteceu sua vit\u00f3ria. Na ocasi\u00e3o ela fez quest\u00e3o de <br \/>frisar que o incentivo ao esporte foi &#8211; e sempre ser\u00e1 &#8211; uma prioridade do seu governo.<br \/>O campe\u00e3o \u00e9 tamb\u00e9m um grande incentivador do esporte, tanto que deseja proporcionar essa experi\u00eancia \u00e0s <br \/>crian\u00e7as, jovens e adolescentes, dando aulas gratuitas no CRAS RENASCER.<\/p>\n","protected":false},"excerpt":{"rendered":"<p>O faixa preta silvajardinense Wanderson Batista da Silva conquistou o 1\u00ba lugar no ranking estadual pernambucano e a 5\u00aa coloca\u00e7\u00e3o<\/p>\n","protected":false},"author":2,"featured_media":13458,"comment_status":"open","ping_status":"open","sticky":false,"template":"","format":"standard","meta":{"_mi_skip_tracking":false,"footnotes":""},"categories":[283],"tags":[],"class_list":["post-13455","post","type-post","status-publish","format-standard","has-post-thumbnail","hentry","category-esporte-e-lazer"],"_links":{"self":[{"href":"https:\/\/www.silvajardim.rj.gov.br\/index.php\/wp-json\/wp\/v2\/posts\/13455","targetHints":{"allow":["GET"]}}],"collection":[{"href":"https:\/\/www.silvajardim.rj.gov.br\/index.php\/wp-json\/wp\/v2\/posts"}],"about":[{"href":"https:\/\/www.silvajardim.rj.gov.br\/index.php\/wp-json\/wp\/v2\/types\/post"}],"author":[{"embeddable":true,"href":"https:\/\/www.silvajardim.rj.gov.br\/index.php\/wp-json\/wp\/v2\/users\/2"}],"replies":[{"embeddable":true,"href":"https:\/\/www.silvajardim.rj.gov.br\/index.php\/wp-json\/wp\/v2\/comments?post=13455"}],"version-history":[{"count":2,"href":"https:\/\/www.silvajardim.rj.gov.br\/index.php\/wp-json\/wp\/v2\/posts\/13455\/revisions"}],"predecessor-version":[{"id":13463,"href":"https:\/\/www.silvajardim.rj.gov.br\/index.php\/wp-json\/wp\/v2\/posts\/13455\/revisions\/13463"}],"wp:featuredmedia":[{"embeddable":true,"href":"https:\/\/www.silvajardim.rj.gov.br\/index.php\/wp-json\/wp\/v2\/media\/13458"}],"wp:attachment":[{"href":"https:\/\/www.silvajardim.rj.gov.br\/index.php\/wp-json\/wp\/v2\/media?parent=13455"}],"wp:term":[{"taxonomy":"category","embeddable":true,"href":"https:\/\/www.silvajardim.rj.gov.br\/index.php\/wp-json\/wp\/v2\/categories?post=13455"},{"taxonomy":"post_tag","embeddable":true,"href":"https:\/\/www.silvajardim.rj.gov.br\/index.php\/wp-json\/wp\/v2\/tags?post=13455"}],"curies":[{"name":"wp","href":"https:\/\/api.w.org\/{rel}","templated":true}]}}