{"id":13604,"date":"2022-04-19T14:34:18","date_gmt":"2022-04-19T17:34:18","guid":{"rendered":"https:\/\/www.silvajardim.rj.gov.br\/?p=13604"},"modified":"2022-04-20T14:35:39","modified_gmt":"2022-04-20T17:35:39","slug":"13604","status":"publish","type":"post","link":"https:\/\/www.silvajardim.rj.gov.br\/index.php\/2022\/04\/19\/13604\/","title":{"rendered":"Lei Aldir Blanc incentiva a cultura entre os alunos do munic\u00edpio"},"content":{"rendered":"\n\n\n<figure class=\"wp-block-image size-large is-resized\"><img loading=\"lazy\" decoding=\"async\" src=\"https:\/\/www.silvajardim.rj.gov.br\/wp-content\/uploads\/2022\/04\/278291312_5035473103174854_2724007760072955802_n-1024x575.jpg\" alt=\"\" class=\"wp-image-13605\" width=\"567\" height=\"318\" srcset=\"https:\/\/www.silvajardim.rj.gov.br\/wp-content\/uploads\/2022\/04\/278291312_5035473103174854_2724007760072955802_n-1024x575.jpg 1024w, https:\/\/www.silvajardim.rj.gov.br\/wp-content\/uploads\/2022\/04\/278291312_5035473103174854_2724007760072955802_n-300x169.jpg 300w, https:\/\/www.silvajardim.rj.gov.br\/wp-content\/uploads\/2022\/04\/278291312_5035473103174854_2724007760072955802_n-768x431.jpg 768w, https:\/\/www.silvajardim.rj.gov.br\/wp-content\/uploads\/2022\/04\/278291312_5035473103174854_2724007760072955802_n.jpg 1440w\" sizes=\"auto, (max-width: 567px) 100vw, 567px\" \/><\/figure>\n\n\n\n<div class=\"kvgmc6g5 cxmmr5t8 oygrvhab hcukyx3x c1et5uql ii04i59q\">\n<div dir=\"auto\">Amanh\u00e3, ter\u00e7a-feira, 19\/04, acontecer\u00e1 mais uma contrapartida da Lei Aldir Blanc no munic\u00edpio de Silva Jardim. O escritor e poeta Aliandro Rosa far\u00e1 um encontro com os alunos da escola Vila Silva Jardim no bairro de Aldeia Velha, \u00e0s 8 horas. Esse \u00e9 o segundo encontro do projeto \u201cLiteratura Infantil: Criando novos poetinhas\u201d, patrocinado pela Lei Aldir Blanc no Edital de 2021.<\/div>\n<\/div>\n<div class=\"cxmmr5t8 oygrvhab hcukyx3x c1et5uql o9v6fnle ii04i59q\">\n<div dir=\"auto\">O projeto prev\u00ea v\u00e1rias atividades com os alunos de 1\u00ba a 5\u00ba ano na escola Vila Silva Jardim, entre as atividades est\u00e3o, leitura de poemas infantis, \u00e1udio de poemas, produ\u00e7\u00e3o de textos e atividades para casa. Incentivando a leitura e a capacidade de escrita nos primeiros anos das crian\u00e7as.<\/div>\n<\/div>\n","protected":false},"excerpt":{"rendered":"<p>Amanh\u00e3, ter\u00e7a-feira, 19\/04, acontecer\u00e1 mais uma contrapartida da Lei Aldir Blanc no munic\u00edpio de Silva Jardim. O escritor e poeta<\/p>\n","protected":false},"author":2,"featured_media":13605,"comment_status":"open","ping_status":"open","sticky":false,"template":"","format":"standard","meta":{"_mi_skip_tracking":false,"footnotes":""},"categories":[356],"tags":[],"class_list":["post-13604","post","type-post","status-publish","format-standard","has-post-thumbnail","hentry","category-cultura"],"_links":{"self":[{"href":"https:\/\/www.silvajardim.rj.gov.br\/index.php\/wp-json\/wp\/v2\/posts\/13604","targetHints":{"allow":["GET"]}}],"collection":[{"href":"https:\/\/www.silvajardim.rj.gov.br\/index.php\/wp-json\/wp\/v2\/posts"}],"about":[{"href":"https:\/\/www.silvajardim.rj.gov.br\/index.php\/wp-json\/wp\/v2\/types\/post"}],"author":[{"embeddable":true,"href":"https:\/\/www.silvajardim.rj.gov.br\/index.php\/wp-json\/wp\/v2\/users\/2"}],"replies":[{"embeddable":true,"href":"https:\/\/www.silvajardim.rj.gov.br\/index.php\/wp-json\/wp\/v2\/comments?post=13604"}],"version-history":[{"count":2,"href":"https:\/\/www.silvajardim.rj.gov.br\/index.php\/wp-json\/wp\/v2\/posts\/13604\/revisions"}],"predecessor-version":[{"id":13607,"href":"https:\/\/www.silvajardim.rj.gov.br\/index.php\/wp-json\/wp\/v2\/posts\/13604\/revisions\/13607"}],"wp:featuredmedia":[{"embeddable":true,"href":"https:\/\/www.silvajardim.rj.gov.br\/index.php\/wp-json\/wp\/v2\/media\/13605"}],"wp:attachment":[{"href":"https:\/\/www.silvajardim.rj.gov.br\/index.php\/wp-json\/wp\/v2\/media?parent=13604"}],"wp:term":[{"taxonomy":"category","embeddable":true,"href":"https:\/\/www.silvajardim.rj.gov.br\/index.php\/wp-json\/wp\/v2\/categories?post=13604"},{"taxonomy":"post_tag","embeddable":true,"href":"https:\/\/www.silvajardim.rj.gov.br\/index.php\/wp-json\/wp\/v2\/tags?post=13604"}],"curies":[{"name":"wp","href":"https:\/\/api.w.org\/{rel}","templated":true}]}}