{"id":13846,"date":"2022-05-12T14:15:13","date_gmt":"2022-05-12T17:15:13","guid":{"rendered":"https:\/\/www.silvajardim.rj.gov.br\/?p=13846"},"modified":"2022-05-16T14:15:32","modified_gmt":"2022-05-16T17:15:32","slug":"secretaria-de-educacao-tem-nova-secretaria","status":"publish","type":"post","link":"https:\/\/www.silvajardim.rj.gov.br\/index.php\/2022\/05\/12\/secretaria-de-educacao-tem-nova-secretaria\/","title":{"rendered":"Secretaria de Educa\u00e7\u00e3o tem nova secret\u00e1ria"},"content":{"rendered":"\n<div class=\"kvgmc6g5 cxmmr5t8 oygrvhab hcukyx3x c1et5uql ii04i59q\">\n<div dir=\"auto\">Nossa equipe da Secretaria de Educa\u00e7\u00e3o acaba de receber sua nova Secret\u00e1ria, a professora Bianka Alvim.<\/div>\n<\/div>\n<div class=\"cxmmr5t8 oygrvhab hcukyx3x c1et5uql o9v6fnle ii04i59q\">\n<div dir=\"auto\">A prefeitura de Silva Jardim fica imensamente feliz em receber a professora Bianka em nosso quadro de Secret\u00e1rios.<\/div>\n<div dir=\"auto\">Seja bem-vinda, Bianka Alvim!!<\/div>\n<\/div>\n<div class=\"cxmmr5t8 oygrvhab hcukyx3x c1et5uql o9v6fnle ii04i59q\">\n<div dir=\"auto\">\u00a0<\/div>\n<\/div>\n\n\n\n<figure class=\"wp-block-gallery has-nested-images columns-default is-cropped wp-block-gallery-1 is-layout-flex wp-block-gallery-is-layout-flex\">\n<figure class=\"wp-block-image size-large\"><img loading=\"lazy\" decoding=\"async\" width=\"699\" height=\"572\" data-id=\"13851\" src=\"https:\/\/www.silvajardim.rj.gov.br\/wp-content\/uploads\/2022\/05\/280931139_5101512096570954_2884466564105379615_n.jpg\" alt=\"\" class=\"wp-image-13851\" srcset=\"https:\/\/www.silvajardim.rj.gov.br\/wp-content\/uploads\/2022\/05\/280931139_5101512096570954_2884466564105379615_n.jpg 699w, https:\/\/www.silvajardim.rj.gov.br\/wp-content\/uploads\/2022\/05\/280931139_5101512096570954_2884466564105379615_n-300x245.jpg 300w\" sizes=\"auto, (max-width: 699px) 100vw, 699px\" \/><\/figure>\n\n\n\n<figure class=\"wp-block-image size-medium\"><img loading=\"lazy\" decoding=\"async\" width=\"300\" height=\"246\" data-id=\"13850\" src=\"https:\/\/www.silvajardim.rj.gov.br\/wp-content\/uploads\/2022\/05\/280977844_5101512099904287_9083054194980538473_n-300x246.jpg\" alt=\"\" class=\"wp-image-13850\" srcset=\"https:\/\/www.silvajardim.rj.gov.br\/wp-content\/uploads\/2022\/05\/280977844_5101512099904287_9083054194980538473_n-300x246.jpg 300w, https:\/\/www.silvajardim.rj.gov.br\/wp-content\/uploads\/2022\/05\/280977844_5101512099904287_9083054194980538473_n-1024x839.jpg 1024w, https:\/\/www.silvajardim.rj.gov.br\/wp-content\/uploads\/2022\/05\/280977844_5101512099904287_9083054194980538473_n-768x629.jpg 768w, https:\/\/www.silvajardim.rj.gov.br\/wp-content\/uploads\/2022\/05\/280977844_5101512099904287_9083054194980538473_n.jpg 1049w\" sizes=\"auto, (max-width: 300px) 100vw, 300px\" \/><\/figure>\n<\/figure>\n","protected":false},"excerpt":{"rendered":"<p>Nossa equipe da Secretaria de Educa\u00e7\u00e3o acaba de receber sua nova Secret\u00e1ria, a professora Bianka Alvim. A prefeitura de Silva<\/p>\n","protected":false},"author":2,"featured_media":13851,"comment_status":"open","ping_status":"open","sticky":false,"template":"","format":"standard","meta":{"_mi_skip_tracking":false,"footnotes":""},"categories":[286],"tags":[],"class_list":["post-13846","post","type-post","status-publish","format-standard","has-post-thumbnail","hentry","category-educacao"],"_links":{"self":[{"href":"https:\/\/www.silvajardim.rj.gov.br\/index.php\/wp-json\/wp\/v2\/posts\/13846","targetHints":{"allow":["GET"]}}],"collection":[{"href":"https:\/\/www.silvajardim.rj.gov.br\/index.php\/wp-json\/wp\/v2\/posts"}],"about":[{"href":"https:\/\/www.silvajardim.rj.gov.br\/index.php\/wp-json\/wp\/v2\/types\/post"}],"author":[{"embeddable":true,"href":"https:\/\/www.silvajardim.rj.gov.br\/index.php\/wp-json\/wp\/v2\/users\/2"}],"replies":[{"embeddable":true,"href":"https:\/\/www.silvajardim.rj.gov.br\/index.php\/wp-json\/wp\/v2\/comments?post=13846"}],"version-history":[{"count":3,"href":"https:\/\/www.silvajardim.rj.gov.br\/index.php\/wp-json\/wp\/v2\/posts\/13846\/revisions"}],"predecessor-version":[{"id":13852,"href":"https:\/\/www.silvajardim.rj.gov.br\/index.php\/wp-json\/wp\/v2\/posts\/13846\/revisions\/13852"}],"wp:featuredmedia":[{"embeddable":true,"href":"https:\/\/www.silvajardim.rj.gov.br\/index.php\/wp-json\/wp\/v2\/media\/13851"}],"wp:attachment":[{"href":"https:\/\/www.silvajardim.rj.gov.br\/index.php\/wp-json\/wp\/v2\/media?parent=13846"}],"wp:term":[{"taxonomy":"category","embeddable":true,"href":"https:\/\/www.silvajardim.rj.gov.br\/index.php\/wp-json\/wp\/v2\/categories?post=13846"},{"taxonomy":"post_tag","embeddable":true,"href":"https:\/\/www.silvajardim.rj.gov.br\/index.php\/wp-json\/wp\/v2\/tags?post=13846"}],"curies":[{"name":"wp","href":"https:\/\/api.w.org\/{rel}","templated":true}]}}