{"id":13860,"date":"2022-05-13T15:26:05","date_gmt":"2022-05-13T18:26:05","guid":{"rendered":"https:\/\/www.silvajardim.rj.gov.br\/?p=13860"},"modified":"2022-05-16T15:30:47","modified_gmt":"2022-05-16T18:30:47","slug":"jovem-artista-faz-exposicao-de-quadros-no-ccc","status":"publish","type":"post","link":"https:\/\/www.silvajardim.rj.gov.br\/index.php\/2022\/05\/13\/jovem-artista-faz-exposicao-de-quadros-no-ccc\/","title":{"rendered":"Jovem artista faz exposi\u00e7\u00e3o de quadros no CCC"},"content":{"rendered":"\n<figure class=\"wp-block-video\"><video height=\"1280\" style=\"aspect-ratio: 720 \/ 1280;\" width=\"720\" controls src=\"https:\/\/www.silvajardim.rj.gov.br\/wp-content\/uploads\/2022\/05\/281260053_541557524300582_5821458611438268333_n.mp4\"><\/video><\/figure>\n\n\n\n<div class=\"kvgmc6g5 cxmmr5t8 oygrvhab hcukyx3x c1et5uql ii04i59q\">\n<div dir=\"auto\">Um olhar para o Futuro<\/div>\n<\/div>\n<div class=\"cxmmr5t8 oygrvhab hcukyx3x c1et5uql o9v6fnle ii04i59q\">\n<div dir=\"auto\">Allan Keven, (Kallen) \u00e9 um jovem Silvajardinense de 15 anos. Est\u00e1 fazendo exposi\u00e7\u00e3o de seus quadros do Centro Cultural de Capivari (CCC), as artes v\u00e3o ficar expostas durante 30 dias \u00fateis.<\/div>\n<\/div>\n<div class=\"cxmmr5t8 oygrvhab hcukyx3x c1et5uql o9v6fnle ii04i59q\">\n<div dir=\"auto\">Ele faz sua primeira exposi\u00e7\u00e3o atrav\u00e9s da Sub.Secretaria de Cultura. Seus pais sempre lhe apoiaram a buscar algo que amasse fazer. \u00c9 estudioso e nunca foi de tirar notas baixas. Um grande exemplo para n\u00f3s!<\/div>\n<\/div>\n","protected":false},"excerpt":{"rendered":"<p>Um olhar para o Futuro Allan Keven, (Kallen) \u00e9 um jovem Silvajardinense de 15 anos. Est\u00e1 fazendo exposi\u00e7\u00e3o de seus<\/p>\n","protected":false},"author":2,"featured_media":13865,"comment_status":"open","ping_status":"open","sticky":false,"template":"","format":"standard","meta":{"_mi_skip_tracking":false,"footnotes":""},"categories":[356],"tags":[],"class_list":["post-13860","post","type-post","status-publish","format-standard","has-post-thumbnail","hentry","category-cultura"],"_links":{"self":[{"href":"https:\/\/www.silvajardim.rj.gov.br\/index.php\/wp-json\/wp\/v2\/posts\/13860","targetHints":{"allow":["GET"]}}],"collection":[{"href":"https:\/\/www.silvajardim.rj.gov.br\/index.php\/wp-json\/wp\/v2\/posts"}],"about":[{"href":"https:\/\/www.silvajardim.rj.gov.br\/index.php\/wp-json\/wp\/v2\/types\/post"}],"author":[{"embeddable":true,"href":"https:\/\/www.silvajardim.rj.gov.br\/index.php\/wp-json\/wp\/v2\/users\/2"}],"replies":[{"embeddable":true,"href":"https:\/\/www.silvajardim.rj.gov.br\/index.php\/wp-json\/wp\/v2\/comments?post=13860"}],"version-history":[{"count":1,"href":"https:\/\/www.silvajardim.rj.gov.br\/index.php\/wp-json\/wp\/v2\/posts\/13860\/revisions"}],"predecessor-version":[{"id":13864,"href":"https:\/\/www.silvajardim.rj.gov.br\/index.php\/wp-json\/wp\/v2\/posts\/13860\/revisions\/13864"}],"wp:featuredmedia":[{"embeddable":true,"href":"https:\/\/www.silvajardim.rj.gov.br\/index.php\/wp-json\/wp\/v2\/media\/13865"}],"wp:attachment":[{"href":"https:\/\/www.silvajardim.rj.gov.br\/index.php\/wp-json\/wp\/v2\/media?parent=13860"}],"wp:term":[{"taxonomy":"category","embeddable":true,"href":"https:\/\/www.silvajardim.rj.gov.br\/index.php\/wp-json\/wp\/v2\/categories?post=13860"},{"taxonomy":"post_tag","embeddable":true,"href":"https:\/\/www.silvajardim.rj.gov.br\/index.php\/wp-json\/wp\/v2\/tags?post=13860"}],"curies":[{"name":"wp","href":"https:\/\/api.w.org\/{rel}","templated":true}]}}