{"id":14147,"date":"2022-06-10T15:58:27","date_gmt":"2022-06-10T18:58:27","guid":{"rendered":"https:\/\/www.silvajardim.rj.gov.br\/?p=14147"},"modified":"2022-06-13T15:58:55","modified_gmt":"2022-06-13T18:58:55","slug":"secretaria-de-saude-discute-acoes-para-combater-a-pandemia","status":"publish","type":"post","link":"https:\/\/www.silvajardim.rj.gov.br\/index.php\/2022\/06\/10\/secretaria-de-saude-discute-acoes-para-combater-a-pandemia\/","title":{"rendered":"Secretaria de Sa\u00fade discute a\u00e7\u00f5es para combater a pandemia"},"content":{"rendered":"\n\n\n<div class=\"kvgmc6g5 cxmmr5t8 oygrvhab hcukyx3x c1et5uql ii04i59q\">\n<div dir=\"auto\">A Secretaria Municipal de Sa\u00fade e Assist\u00eancia Social realizou reuni\u00e3o de rede para tratar da pauta COVID-19 em nosso Munic\u00edpio.<\/div>\n<\/div>\n<div class=\"cxmmr5t8 oygrvhab hcukyx3x c1et5uql o9v6fnle ii04i59q\">\n<div dir=\"auto\">Estavam presentes Superintendentes da PMAM\/UPA, da Aten\u00e7\u00e3o B\u00e1sica, Coordenadores de Laborat\u00f3rio, NAI, Vigil\u00e2ncia Epidemiol\u00f3gica e Vigil\u00e2ncia em Sa\u00fade.<\/div>\n<\/div>\n<div class=\"cxmmr5t8 oygrvhab hcukyx3x c1et5uql o9v6fnle ii04i59q\">\n<div dir=\"auto\">O objetivo da reuni\u00e3o foi ajustar o fluxo de atendimento a pacientes com s\u00edndromes gripais de acordo com os atuais protocolos do Minist\u00e9rio da Sa\u00fade.<\/div>\n<\/div>\n<div class=\"cxmmr5t8 oygrvhab hcukyx3x c1et5uql o9v6fnle ii04i59q\">\n<div dir=\"auto\">Lembramos que, todas as Unidades B\u00e1sica de Sa\u00fade est\u00e3o realizando testes de COVID-19 de acordo com os protocolos oriundos da Secretaria Estadual de Sa\u00fade e Minist\u00e9rio da Sa\u00fade e que nossa Unidade de Pronto Atendimento possui estrutura para receber pacientes que venham precisar de observa\u00e7\u00e3o e interna\u00e7\u00e3o.<\/div>\n<\/div>\n<div class=\"cxmmr5t8 oygrvhab hcukyx3x c1et5uql o9v6fnle ii04i59q\">\n<div dir=\"auto\">A partir da pr\u00f3xima semana, estaremos retornando com a publica\u00e7\u00e3o semanal do Boletim de Epidemiol\u00f3gico COVID-19 e que at\u00e9 o presente momento, nossos \u00edndices permane\u00e7am baixos, n\u00e3o tendo nenhum paciente internado pela doen\u00e7a.<\/div>\n<\/div>\n<div class=\"cxmmr5t8 oygrvhab hcukyx3x c1et5uql o9v6fnle ii04i59q\">\n<div dir=\"auto\">Refor\u00e7amos a import\u00e2ncia das medidas de preven\u00e7\u00e3o, uso de m\u00e1scaras em Unidade Hospitalar, higieniza\u00e7\u00e3o das m\u00e3os com \u00e1lcool e evitar aglomera\u00e7\u00f5es.<\/div>\n<\/div>\n<div class=\"cxmmr5t8 oygrvhab hcukyx3x c1et5uql o9v6fnle ii04i59q\">\n<div dir=\"auto\">Sua sa\u00fade, nossa prioridade!<\/div>\n<\/div>\n\n\n\n<figure class=\"wp-block-video\"><video height=\"720\" style=\"aspect-ratio: 1270 \/ 720;\" width=\"1270\" controls src=\"https:\/\/www.silvajardim.rj.gov.br\/wp-content\/uploads\/2022\/06\/287175739_710747156883374_1375167074285361914_n.mp4\"><\/video><\/figure>\n","protected":false},"excerpt":{"rendered":"<p>A Secretaria Municipal de Sa\u00fade e Assist\u00eancia Social realizou reuni\u00e3o de rede para tratar da pauta COVID-19 em nosso Munic\u00edpio.<\/p>\n","protected":false},"author":2,"featured_media":14149,"comment_status":"open","ping_status":"open","sticky":false,"template":"","format":"standard","meta":{"_mi_skip_tracking":false,"footnotes":""},"categories":[275],"tags":[],"class_list":["post-14147","post","type-post","status-publish","format-standard","has-post-thumbnail","hentry","category-saude"],"_links":{"self":[{"href":"https:\/\/www.silvajardim.rj.gov.br\/index.php\/wp-json\/wp\/v2\/posts\/14147","targetHints":{"allow":["GET"]}}],"collection":[{"href":"https:\/\/www.silvajardim.rj.gov.br\/index.php\/wp-json\/wp\/v2\/posts"}],"about":[{"href":"https:\/\/www.silvajardim.rj.gov.br\/index.php\/wp-json\/wp\/v2\/types\/post"}],"author":[{"embeddable":true,"href":"https:\/\/www.silvajardim.rj.gov.br\/index.php\/wp-json\/wp\/v2\/users\/2"}],"replies":[{"embeddable":true,"href":"https:\/\/www.silvajardim.rj.gov.br\/index.php\/wp-json\/wp\/v2\/comments?post=14147"}],"version-history":[{"count":1,"href":"https:\/\/www.silvajardim.rj.gov.br\/index.php\/wp-json\/wp\/v2\/posts\/14147\/revisions"}],"predecessor-version":[{"id":14150,"href":"https:\/\/www.silvajardim.rj.gov.br\/index.php\/wp-json\/wp\/v2\/posts\/14147\/revisions\/14150"}],"wp:featuredmedia":[{"embeddable":true,"href":"https:\/\/www.silvajardim.rj.gov.br\/index.php\/wp-json\/wp\/v2\/media\/14149"}],"wp:attachment":[{"href":"https:\/\/www.silvajardim.rj.gov.br\/index.php\/wp-json\/wp\/v2\/media?parent=14147"}],"wp:term":[{"taxonomy":"category","embeddable":true,"href":"https:\/\/www.silvajardim.rj.gov.br\/index.php\/wp-json\/wp\/v2\/categories?post=14147"},{"taxonomy":"post_tag","embeddable":true,"href":"https:\/\/www.silvajardim.rj.gov.br\/index.php\/wp-json\/wp\/v2\/tags?post=14147"}],"curies":[{"name":"wp","href":"https:\/\/api.w.org\/{rel}","templated":true}]}}