{"id":14151,"date":"2022-06-10T16:10:52","date_gmt":"2022-06-10T19:10:52","guid":{"rendered":"https:\/\/www.silvajardim.rj.gov.br\/?p=14151"},"modified":"2022-06-13T16:11:10","modified_gmt":"2022-06-13T19:11:10","slug":"oficina-de-taekwondo-no-ciepm","status":"publish","type":"post","link":"https:\/\/www.silvajardim.rj.gov.br\/index.php\/2022\/06\/10\/oficina-de-taekwondo-no-ciepm\/","title":{"rendered":"Oficina de Taekwondo no CIEPM"},"content":{"rendered":"\n\n\n<p><br \/>Nesta quinta-feira, dia 9 de junho \u00e0s 14h, aconteceu a oficina de taekwondo no Col\u00e9gio CIEPM, com o Mestre Adair Santiago.<br \/>Para apresentar e despertar nos alunos o desejo de praticar esportes ol\u00edmpicos, al\u00e9m daqueles mais populares, pois entendemos que a escola \u00e9 o celeiro dos grandes atletas do futuro!!! Palavras da diretora Ana Paula de Amorim.<\/p>\n\n\n\n<figure class=\"wp-block-video\"><video height=\"1280\" style=\"aspect-ratio: 720 \/ 1280;\" width=\"720\" controls src=\"https:\/\/www.silvajardim.rj.gov.br\/wp-content\/uploads\/2022\/06\/286924840_3123763511272489_5274794655690838118_n.mp4\"><\/video><\/figure>\n","protected":false},"excerpt":{"rendered":"<p>Nesta quinta-feira, dia 9 de junho \u00e0s 14h, aconteceu a oficina de taekwondo no Col\u00e9gio CIEPM, com o Mestre Adair<\/p>\n","protected":false},"author":2,"featured_media":14153,"comment_status":"open","ping_status":"open","sticky":false,"template":"","format":"standard","meta":{"_mi_skip_tracking":false,"footnotes":""},"categories":[286],"tags":[],"class_list":["post-14151","post","type-post","status-publish","format-standard","has-post-thumbnail","hentry","category-educacao"],"_links":{"self":[{"href":"https:\/\/www.silvajardim.rj.gov.br\/index.php\/wp-json\/wp\/v2\/posts\/14151","targetHints":{"allow":["GET"]}}],"collection":[{"href":"https:\/\/www.silvajardim.rj.gov.br\/index.php\/wp-json\/wp\/v2\/posts"}],"about":[{"href":"https:\/\/www.silvajardim.rj.gov.br\/index.php\/wp-json\/wp\/v2\/types\/post"}],"author":[{"embeddable":true,"href":"https:\/\/www.silvajardim.rj.gov.br\/index.php\/wp-json\/wp\/v2\/users\/2"}],"replies":[{"embeddable":true,"href":"https:\/\/www.silvajardim.rj.gov.br\/index.php\/wp-json\/wp\/v2\/comments?post=14151"}],"version-history":[{"count":1,"href":"https:\/\/www.silvajardim.rj.gov.br\/index.php\/wp-json\/wp\/v2\/posts\/14151\/revisions"}],"predecessor-version":[{"id":14154,"href":"https:\/\/www.silvajardim.rj.gov.br\/index.php\/wp-json\/wp\/v2\/posts\/14151\/revisions\/14154"}],"wp:featuredmedia":[{"embeddable":true,"href":"https:\/\/www.silvajardim.rj.gov.br\/index.php\/wp-json\/wp\/v2\/media\/14153"}],"wp:attachment":[{"href":"https:\/\/www.silvajardim.rj.gov.br\/index.php\/wp-json\/wp\/v2\/media?parent=14151"}],"wp:term":[{"taxonomy":"category","embeddable":true,"href":"https:\/\/www.silvajardim.rj.gov.br\/index.php\/wp-json\/wp\/v2\/categories?post=14151"},{"taxonomy":"post_tag","embeddable":true,"href":"https:\/\/www.silvajardim.rj.gov.br\/index.php\/wp-json\/wp\/v2\/tags?post=14151"}],"curies":[{"name":"wp","href":"https:\/\/api.w.org\/{rel}","templated":true}]}}