{"id":14155,"date":"2022-06-10T16:17:07","date_gmt":"2022-06-10T19:17:07","guid":{"rendered":"https:\/\/www.silvajardim.rj.gov.br\/?p=14155"},"modified":"2022-06-13T16:21:18","modified_gmt":"2022-06-13T19:21:18","slug":"defesa-civil-oferece-treinamento-sobre-primeiros-socorros","status":"publish","type":"post","link":"https:\/\/www.silvajardim.rj.gov.br\/index.php\/2022\/06\/10\/defesa-civil-oferece-treinamento-sobre-primeiros-socorros\/","title":{"rendered":"Defesa Civil oferece treinamento sobre primeiros socorros"},"content":{"rendered":"\n<p>Treinamento de primeiros socorros<br \/>Sexta-feira dia 10\/06 aconteceu o treinamento de primeiros socorros na Sede da Defesa Civil, \u00e0s 09h.<br \/>O treinamento foi para funcion\u00e1rios de estabelecimentos de ensino e de recrea\u00e7\u00e3o.<br \/>A Lei Federal No. 13.722\/2018 conhecida como Lei Lucas, foi determinada em fun\u00e7\u00e3o do ocorrido que ap\u00f3s um acidente envolvendo o menino Lucas Begalli, de 10 anos. Em uma excurs\u00e3o escolar, ele se engasgou com um alimento e, infelizmente, n\u00e3o sobreviveu. <br \/>Nenhum dos professores sabiam t\u00e9cnicas de primeiros socorros, tudo isso poderia ter sido evitado se os adultos no local tivessem uma forma\u00e7\u00e3o m\u00ednima de primeiros socorros. O treinamento tem o objetivo de capacitar os funcion\u00e1rios de estabelecimentos de ensino e de recrea\u00e7\u00e3o para que n\u00e3o ocorra mais situa\u00e7\u00f5es como essa.<br \/><br \/><\/p>\n\n\n\n<figure class=\"wp-block-gallery has-nested-images columns-default is-cropped wp-block-gallery-1 is-layout-flex wp-block-gallery-is-layout-flex\">\n<figure class=\"wp-block-image size-large is-style-default\"><img loading=\"lazy\" decoding=\"async\" width=\"1024\" height=\"1024\" data-id=\"14157\" src=\"https:\/\/www.silvajardim.rj.gov.br\/wp-content\/uploads\/2022\/06\/287489581_5186121981443298_5080138415906995631_n-1024x1024.jpg\" alt=\"\" class=\"wp-image-14157\" srcset=\"https:\/\/www.silvajardim.rj.gov.br\/wp-content\/uploads\/2022\/06\/287489581_5186121981443298_5080138415906995631_n-1024x1024.jpg 1024w, https:\/\/www.silvajardim.rj.gov.br\/wp-content\/uploads\/2022\/06\/287489581_5186121981443298_5080138415906995631_n-300x300.jpg 300w, https:\/\/www.silvajardim.rj.gov.br\/wp-content\/uploads\/2022\/06\/287489581_5186121981443298_5080138415906995631_n-150x150.jpg 150w, https:\/\/www.silvajardim.rj.gov.br\/wp-content\/uploads\/2022\/06\/287489581_5186121981443298_5080138415906995631_n-768x768.jpg 768w, https:\/\/www.silvajardim.rj.gov.br\/wp-content\/uploads\/2022\/06\/287489581_5186121981443298_5080138415906995631_n.jpg 1200w\" sizes=\"auto, (max-width: 1024px) 100vw, 1024px\" \/><\/figure>\n\n\n\n<figure class=\"wp-block-image size-large is-style-default\"><img loading=\"lazy\" decoding=\"async\" width=\"1024\" height=\"1024\" data-id=\"14156\" src=\"https:\/\/www.silvajardim.rj.gov.br\/wp-content\/uploads\/2022\/06\/287425936_5186121978109965_813930202327665166_n-1024x1024.jpg\" alt=\"\" class=\"wp-image-14156\" srcset=\"https:\/\/www.silvajardim.rj.gov.br\/wp-content\/uploads\/2022\/06\/287425936_5186121978109965_813930202327665166_n-1024x1024.jpg 1024w, https:\/\/www.silvajardim.rj.gov.br\/wp-content\/uploads\/2022\/06\/287425936_5186121978109965_813930202327665166_n-300x300.jpg 300w, https:\/\/www.silvajardim.rj.gov.br\/wp-content\/uploads\/2022\/06\/287425936_5186121978109965_813930202327665166_n-150x150.jpg 150w, https:\/\/www.silvajardim.rj.gov.br\/wp-content\/uploads\/2022\/06\/287425936_5186121978109965_813930202327665166_n-768x768.jpg 768w, https:\/\/www.silvajardim.rj.gov.br\/wp-content\/uploads\/2022\/06\/287425936_5186121978109965_813930202327665166_n.jpg 1200w\" sizes=\"auto, (max-width: 1024px) 100vw, 1024px\" \/><\/figure>\n<\/figure>\n","protected":false},"excerpt":{"rendered":"<p>Treinamento de primeiros socorrosSexta-feira dia 10\/06 aconteceu o treinamento de primeiros socorros na Sede da Defesa Civil, \u00e0s 09h.O treinamento<\/p>\n","protected":false},"author":2,"featured_media":14157,"comment_status":"open","ping_status":"open","sticky":false,"template":"","format":"standard","meta":{"_mi_skip_tracking":false,"footnotes":""},"categories":[285],"tags":[],"class_list":["post-14155","post","type-post","status-publish","format-standard","has-post-thumbnail","hentry","category-defesa-civil"],"_links":{"self":[{"href":"https:\/\/www.silvajardim.rj.gov.br\/index.php\/wp-json\/wp\/v2\/posts\/14155","targetHints":{"allow":["GET"]}}],"collection":[{"href":"https:\/\/www.silvajardim.rj.gov.br\/index.php\/wp-json\/wp\/v2\/posts"}],"about":[{"href":"https:\/\/www.silvajardim.rj.gov.br\/index.php\/wp-json\/wp\/v2\/types\/post"}],"author":[{"embeddable":true,"href":"https:\/\/www.silvajardim.rj.gov.br\/index.php\/wp-json\/wp\/v2\/users\/2"}],"replies":[{"embeddable":true,"href":"https:\/\/www.silvajardim.rj.gov.br\/index.php\/wp-json\/wp\/v2\/comments?post=14155"}],"version-history":[{"count":1,"href":"https:\/\/www.silvajardim.rj.gov.br\/index.php\/wp-json\/wp\/v2\/posts\/14155\/revisions"}],"predecessor-version":[{"id":14158,"href":"https:\/\/www.silvajardim.rj.gov.br\/index.php\/wp-json\/wp\/v2\/posts\/14155\/revisions\/14158"}],"wp:featuredmedia":[{"embeddable":true,"href":"https:\/\/www.silvajardim.rj.gov.br\/index.php\/wp-json\/wp\/v2\/media\/14157"}],"wp:attachment":[{"href":"https:\/\/www.silvajardim.rj.gov.br\/index.php\/wp-json\/wp\/v2\/media?parent=14155"}],"wp:term":[{"taxonomy":"category","embeddable":true,"href":"https:\/\/www.silvajardim.rj.gov.br\/index.php\/wp-json\/wp\/v2\/categories?post=14155"},{"taxonomy":"post_tag","embeddable":true,"href":"https:\/\/www.silvajardim.rj.gov.br\/index.php\/wp-json\/wp\/v2\/tags?post=14155"}],"curies":[{"name":"wp","href":"https:\/\/api.w.org\/{rel}","templated":true}]}}