{"id":14207,"date":"2022-06-15T10:47:33","date_gmt":"2022-06-15T13:47:33","guid":{"rendered":"https:\/\/www.silvajardim.rj.gov.br\/?p=14207"},"modified":"2022-06-15T10:47:35","modified_gmt":"2022-06-15T13:47:35","slug":"prefeitura-decreta-ponto-facultativo-no-dia-17-de-junho","status":"publish","type":"post","link":"https:\/\/www.silvajardim.rj.gov.br\/index.php\/2022\/06\/15\/prefeitura-decreta-ponto-facultativo-no-dia-17-de-junho\/","title":{"rendered":"Prefeitura decreta ponto facultativo no dia 17 de junho"},"content":{"rendered":"\n<figure class=\"wp-block-image size-full is-resized is-style-default\"><img loading=\"lazy\" decoding=\"async\" src=\"https:\/\/www.silvajardim.rj.gov.br\/wp-content\/uploads\/2022\/06\/Ponto-faultativo-17.06.png\" alt=\"\" class=\"wp-image-14208\" width=\"550\" height=\"550\" srcset=\"https:\/\/www.silvajardim.rj.gov.br\/wp-content\/uploads\/2022\/06\/Ponto-faultativo-17.06.png 1000w, https:\/\/www.silvajardim.rj.gov.br\/wp-content\/uploads\/2022\/06\/Ponto-faultativo-17.06-300x300.png 300w, https:\/\/www.silvajardim.rj.gov.br\/wp-content\/uploads\/2022\/06\/Ponto-faultativo-17.06-150x150.png 150w, https:\/\/www.silvajardim.rj.gov.br\/wp-content\/uploads\/2022\/06\/Ponto-faultativo-17.06-768x768.png 768w\" sizes=\"auto, (max-width: 550px) 100vw, 550px\" \/><\/figure>\n\n\n\n<p>A Prefeita Maira Figueiredo decretou ponto facultativo no dia 17 de junho, atrav\u00e9s do Decreto n\u00ba 2441\/22, de 09 de junho deste m\u00eas.<br \/><br \/>S\u00f3 funcionar\u00e3o os servi\u00e7os essenciais da \u00e1rea da sa\u00fade, seguran\u00e7a e coleta de lixo.<\/p>\n","protected":false},"excerpt":{"rendered":"<p>A Prefeita Maira Figueiredo decretou ponto facultativo no dia 17 de junho, atrav\u00e9s do Decreto n\u00ba 2441\/22, de 09 de<\/p>\n","protected":false},"author":2,"featured_media":14208,"comment_status":"open","ping_status":"open","sticky":false,"template":"","format":"standard","meta":{"_mi_skip_tracking":false,"footnotes":""},"categories":[273],"tags":[],"class_list":["post-14207","post","type-post","status-publish","format-standard","has-post-thumbnail","hentry","category-prefeitura"],"_links":{"self":[{"href":"https:\/\/www.silvajardim.rj.gov.br\/index.php\/wp-json\/wp\/v2\/posts\/14207","targetHints":{"allow":["GET"]}}],"collection":[{"href":"https:\/\/www.silvajardim.rj.gov.br\/index.php\/wp-json\/wp\/v2\/posts"}],"about":[{"href":"https:\/\/www.silvajardim.rj.gov.br\/index.php\/wp-json\/wp\/v2\/types\/post"}],"author":[{"embeddable":true,"href":"https:\/\/www.silvajardim.rj.gov.br\/index.php\/wp-json\/wp\/v2\/users\/2"}],"replies":[{"embeddable":true,"href":"https:\/\/www.silvajardim.rj.gov.br\/index.php\/wp-json\/wp\/v2\/comments?post=14207"}],"version-history":[{"count":1,"href":"https:\/\/www.silvajardim.rj.gov.br\/index.php\/wp-json\/wp\/v2\/posts\/14207\/revisions"}],"predecessor-version":[{"id":14209,"href":"https:\/\/www.silvajardim.rj.gov.br\/index.php\/wp-json\/wp\/v2\/posts\/14207\/revisions\/14209"}],"wp:featuredmedia":[{"embeddable":true,"href":"https:\/\/www.silvajardim.rj.gov.br\/index.php\/wp-json\/wp\/v2\/media\/14208"}],"wp:attachment":[{"href":"https:\/\/www.silvajardim.rj.gov.br\/index.php\/wp-json\/wp\/v2\/media?parent=14207"}],"wp:term":[{"taxonomy":"category","embeddable":true,"href":"https:\/\/www.silvajardim.rj.gov.br\/index.php\/wp-json\/wp\/v2\/categories?post=14207"},{"taxonomy":"post_tag","embeddable":true,"href":"https:\/\/www.silvajardim.rj.gov.br\/index.php\/wp-json\/wp\/v2\/tags?post=14207"}],"curies":[{"name":"wp","href":"https:\/\/api.w.org\/{rel}","templated":true}]}}