{"id":14394,"date":"2022-06-21T17:55:13","date_gmt":"2022-06-21T20:55:13","guid":{"rendered":"https:\/\/www.silvajardim.rj.gov.br\/?p=14394"},"modified":"2022-06-28T17:55:39","modified_gmt":"2022-06-28T20:55:39","slug":"o-trabalho-nao-para","status":"publish","type":"post","link":"https:\/\/www.silvajardim.rj.gov.br\/index.php\/2022\/06\/21\/o-trabalho-nao-para\/","title":{"rendered":"O trabalho n\u00e3o para!!"},"content":{"rendered":"\n\n\n<figure class=\"wp-block-video\"><video height=\"848\" style=\"aspect-ratio: 480 \/ 848;\" width=\"480\" controls src=\"https:\/\/www.silvajardim.rj.gov.br\/wp-content\/uploads\/2022\/06\/289655866_440717920860731_8580530646422722158_n.mp4\"><\/video><\/figure>\n\n\n\n<div class=\"kvgmc6g5 cxmmr5t8 oygrvhab hcukyx3x c1et5uql ii04i59q\">\n<div dir=\"auto\">\u00a0<\/div>\n<\/div>\n<div class=\"cxmmr5t8 oygrvhab hcukyx3x c1et5uql o9v6fnle ii04i59q\">\n<div dir=\"auto\">A Prefeitura de Silva Jardim est\u00e1 sempre trabalhando em a\u00e7\u00f5es de limpeza e conserva\u00e7\u00e3o das vias p\u00fablicas.<\/div>\n<\/div>\n<div class=\"cxmmr5t8 oygrvhab hcukyx3x c1et5uql o9v6fnle ii04i59q\">\n<div dir=\"auto\">Esses servi\u00e7os s\u00e3o realizados pela Secretaria de Servi\u00e7os P\u00fablicos e Manuten\u00e7\u00e3o, todos os dias da semana.<\/div>\n<\/div>\n<div class=\"cxmmr5t8 oygrvhab hcukyx3x c1et5uql o9v6fnle ii04i59q\">\n<div dir=\"auto\">Limpeza e\u00a0Qualidade de vida<\/div>\n<\/div>\n","protected":false},"excerpt":{"rendered":"<p>\u00a0 A Prefeitura de Silva Jardim est\u00e1 sempre trabalhando em a\u00e7\u00f5es de limpeza e conserva\u00e7\u00e3o das vias p\u00fablicas. Esses servi\u00e7os<\/p>\n","protected":false},"author":2,"featured_media":14396,"comment_status":"open","ping_status":"open","sticky":false,"template":"","format":"standard","meta":{"_mi_skip_tracking":false,"footnotes":""},"categories":[277],"tags":[],"class_list":["post-14394","post","type-post","status-publish","format-standard","has-post-thumbnail","hentry","category-obras-e-servicos-publicos"],"_links":{"self":[{"href":"https:\/\/www.silvajardim.rj.gov.br\/index.php\/wp-json\/wp\/v2\/posts\/14394","targetHints":{"allow":["GET"]}}],"collection":[{"href":"https:\/\/www.silvajardim.rj.gov.br\/index.php\/wp-json\/wp\/v2\/posts"}],"about":[{"href":"https:\/\/www.silvajardim.rj.gov.br\/index.php\/wp-json\/wp\/v2\/types\/post"}],"author":[{"embeddable":true,"href":"https:\/\/www.silvajardim.rj.gov.br\/index.php\/wp-json\/wp\/v2\/users\/2"}],"replies":[{"embeddable":true,"href":"https:\/\/www.silvajardim.rj.gov.br\/index.php\/wp-json\/wp\/v2\/comments?post=14394"}],"version-history":[{"count":1,"href":"https:\/\/www.silvajardim.rj.gov.br\/index.php\/wp-json\/wp\/v2\/posts\/14394\/revisions"}],"predecessor-version":[{"id":14397,"href":"https:\/\/www.silvajardim.rj.gov.br\/index.php\/wp-json\/wp\/v2\/posts\/14394\/revisions\/14397"}],"wp:featuredmedia":[{"embeddable":true,"href":"https:\/\/www.silvajardim.rj.gov.br\/index.php\/wp-json\/wp\/v2\/media\/14396"}],"wp:attachment":[{"href":"https:\/\/www.silvajardim.rj.gov.br\/index.php\/wp-json\/wp\/v2\/media?parent=14394"}],"wp:term":[{"taxonomy":"category","embeddable":true,"href":"https:\/\/www.silvajardim.rj.gov.br\/index.php\/wp-json\/wp\/v2\/categories?post=14394"},{"taxonomy":"post_tag","embeddable":true,"href":"https:\/\/www.silvajardim.rj.gov.br\/index.php\/wp-json\/wp\/v2\/tags?post=14394"}],"curies":[{"name":"wp","href":"https:\/\/api.w.org\/{rel}","templated":true}]}}