{"id":14402,"date":"2022-06-24T18:07:27","date_gmt":"2022-06-24T21:07:27","guid":{"rendered":"https:\/\/www.silvajardim.rj.gov.br\/?p=14402"},"modified":"2022-06-28T18:13:51","modified_gmt":"2022-06-28T21:13:51","slug":"governador-inaugura-a-casa-do-trabalhador-e-assina-termo-de-cooperacao-para-obras-no-municipio","status":"publish","type":"post","link":"https:\/\/www.silvajardim.rj.gov.br\/index.php\/2022\/06\/24\/governador-inaugura-a-casa-do-trabalhador-e-assina-termo-de-cooperacao-para-obras-no-municipio\/","title":{"rendered":"Governador inaugura a Casa do Trabalhador e assina termo de coopera\u00e7\u00e3o para obras no munic\u00edpio"},"content":{"rendered":"\n\n\n<div class=\"kvgmc6g5 cxmmr5t8 oygrvhab hcukyx3x c1et5uql ii04i59q\">\n<div dir=\"auto\">\u00a0<\/div>\n<\/div>\n<div class=\"cxmmr5t8 oygrvhab hcukyx3x c1et5uql o9v6fnle ii04i59q\">\n<div dir=\"auto\">Nesta quinta-feira (23), o Governador do Estado Claudio Castro e a Prefeita Maira Figueiredo, acompanhados de Deputados Estaduais, Federais, Secret\u00e1rios de Estado, Vereadores e Secret\u00e1rios do nosso munic\u00edpio, inauguraram a CASA DO TRABALHADOR .<\/div>\n<\/div>\n<div class=\"cxmmr5t8 oygrvhab hcukyx3x c1et5uql o9v6fnle ii04i59q\">\n<div dir=\"auto\">O polo servir\u00e1 de espa\u00e7o para atendimento ao trabalhador que anseia por uma vaga no mercado de trabalho, trazendo para perto todos os servi\u00e7os prestados pelo Estado, incluindo qualifica\u00e7\u00e3o e oferta de vagas de emprego.<\/div>\n<\/div>\n<div class=\"cxmmr5t8 oygrvhab hcukyx3x c1et5uql o9v6fnle ii04i59q\">\n<div dir=\"auto\">No mesmo ato, o Governador do Estado, a Prefeita Maira e o Secret\u00e1rio de Estado de Obras, assinaram termo de coopera\u00e7\u00e3o t\u00e9cnica para obras de infraestrutura em varias ruas no Bairro Roman\u00f3polis, que s\u00e3o fundamentais para a qualidade de vida da popula\u00e7\u00e3o silvajardinense.<\/div>\n<\/div>\n<div class=\"cxmmr5t8 oygrvhab hcukyx3x c1et5uql o9v6fnle ii04i59q\">\n<div dir=\"auto\">Os presentes comemoraram a visita de Claudio Castro, depois de d\u00e9cadas sem receber um chefe do Executivo Estadual no munic\u00edpio, colocando-o na rota das a\u00e7\u00f5es do Estado.<\/div>\n<\/div>\n\n\n\n<figure class=\"wp-block-video\"><video height=\"1280\" style=\"aspect-ratio: 720 \/ 1280;\" width=\"720\" controls src=\"https:\/\/www.silvajardim.rj.gov.br\/wp-content\/uploads\/2022\/06\/288990669_1454843061625926_2715575294827779241_n.mp4\"><\/video><\/figure>\n","protected":false},"excerpt":{"rendered":"<p>\u00a0 Nesta quinta-feira (23), o Governador do Estado Claudio Castro e a Prefeita Maira Figueiredo, acompanhados de Deputados Estaduais, Federais,<\/p>\n","protected":false},"author":2,"featured_media":14404,"comment_status":"open","ping_status":"open","sticky":false,"template":"","format":"standard","meta":{"_mi_skip_tracking":false,"footnotes":""},"categories":[287],"tags":[],"class_list":["post-14402","post","type-post","status-publish","format-standard","has-post-thumbnail","hentry","category-promocao-social"],"_links":{"self":[{"href":"https:\/\/www.silvajardim.rj.gov.br\/index.php\/wp-json\/wp\/v2\/posts\/14402","targetHints":{"allow":["GET"]}}],"collection":[{"href":"https:\/\/www.silvajardim.rj.gov.br\/index.php\/wp-json\/wp\/v2\/posts"}],"about":[{"href":"https:\/\/www.silvajardim.rj.gov.br\/index.php\/wp-json\/wp\/v2\/types\/post"}],"author":[{"embeddable":true,"href":"https:\/\/www.silvajardim.rj.gov.br\/index.php\/wp-json\/wp\/v2\/users\/2"}],"replies":[{"embeddable":true,"href":"https:\/\/www.silvajardim.rj.gov.br\/index.php\/wp-json\/wp\/v2\/comments?post=14402"}],"version-history":[{"count":2,"href":"https:\/\/www.silvajardim.rj.gov.br\/index.php\/wp-json\/wp\/v2\/posts\/14402\/revisions"}],"predecessor-version":[{"id":14406,"href":"https:\/\/www.silvajardim.rj.gov.br\/index.php\/wp-json\/wp\/v2\/posts\/14402\/revisions\/14406"}],"wp:featuredmedia":[{"embeddable":true,"href":"https:\/\/www.silvajardim.rj.gov.br\/index.php\/wp-json\/wp\/v2\/media\/14404"}],"wp:attachment":[{"href":"https:\/\/www.silvajardim.rj.gov.br\/index.php\/wp-json\/wp\/v2\/media?parent=14402"}],"wp:term":[{"taxonomy":"category","embeddable":true,"href":"https:\/\/www.silvajardim.rj.gov.br\/index.php\/wp-json\/wp\/v2\/categories?post=14402"},{"taxonomy":"post_tag","embeddable":true,"href":"https:\/\/www.silvajardim.rj.gov.br\/index.php\/wp-json\/wp\/v2\/tags?post=14402"}],"curies":[{"name":"wp","href":"https:\/\/api.w.org\/{rel}","templated":true}]}}