{"id":14409,"date":"2022-06-27T18:25:29","date_gmt":"2022-06-27T21:25:29","guid":{"rendered":"https:\/\/www.silvajardim.rj.gov.br\/?p=14409"},"modified":"2022-06-28T18:25:44","modified_gmt":"2022-06-28T21:25:44","slug":"banda-escolar-de-silva-jardim-participa-de-seu-primeiro-evento-em-sao-goncalo","status":"publish","type":"post","link":"https:\/\/www.silvajardim.rj.gov.br\/index.php\/2022\/06\/27\/banda-escolar-de-silva-jardim-participa-de-seu-primeiro-evento-em-sao-goncalo\/","title":{"rendered":"BANDA ESCOLAR DE SILVA JARDIM PARTICIPA DE SEU PRIMEIRO EVENTO EM S\u00c3O GON\u00c7ALO"},"content":{"rendered":"\n<p>Neste s\u00e1bado ( 25 ), a Corpora\u00e7\u00e3o Musical Omar Faria Alfradique (COMFA), do bairro Cidade Nova, participa do 35\u00ba Encontro de Bandas em S\u00e3o Gon\u00e7alo, entre aproximadamente 30 bandas do Estado nossos alunos deram show! <br \/>Sob a Reg\u00eancia do Maestro Guibson Gomes, com a anu\u00eancia da Diretora Karin Z\u00f3zimo, apoio e incentivo da Secretaria de Educa\u00e7\u00e3o e apoio da Subsecretaria de Cultura, a COMFA tem mais de 10 anos e acumula in\u00fameros pr\u00eamios. <br \/>Parab\u00e9ns, COMFA!<\/p>\n\n\n\n<figure class=\"wp-block-gallery has-nested-images columns-default is-cropped wp-block-gallery-1 is-layout-flex wp-block-gallery-is-layout-flex\">\n<figure class=\"wp-block-image size-large\"><img loading=\"lazy\" decoding=\"async\" width=\"576\" height=\"324\" data-id=\"14411\" src=\"https:\/\/www.silvajardim.rj.gov.br\/wp-content\/uploads\/2022\/06\/290563104_5233977566657739_3212110190578142709_n.jpg\" alt=\"\" class=\"wp-image-14411\" srcset=\"https:\/\/www.silvajardim.rj.gov.br\/wp-content\/uploads\/2022\/06\/290563104_5233977566657739_3212110190578142709_n.jpg 576w, https:\/\/www.silvajardim.rj.gov.br\/wp-content\/uploads\/2022\/06\/290563104_5233977566657739_3212110190578142709_n-300x169.jpg 300w\" sizes=\"auto, (max-width: 576px) 100vw, 576px\" \/><\/figure>\n\n\n\n<figure class=\"wp-block-image size-large\"><img loading=\"lazy\" decoding=\"async\" width=\"576\" height=\"325\" data-id=\"14410\" src=\"https:\/\/www.silvajardim.rj.gov.br\/wp-content\/uploads\/2022\/06\/290582435_5233977563324406_886690607342085335_n.jpg\" alt=\"\" class=\"wp-image-14410\" srcset=\"https:\/\/www.silvajardim.rj.gov.br\/wp-content\/uploads\/2022\/06\/290582435_5233977563324406_886690607342085335_n.jpg 576w, https:\/\/www.silvajardim.rj.gov.br\/wp-content\/uploads\/2022\/06\/290582435_5233977563324406_886690607342085335_n-300x169.jpg 300w\" sizes=\"auto, (max-width: 576px) 100vw, 576px\" \/><\/figure>\n<\/figure>\n","protected":false},"excerpt":{"rendered":"<p>Neste s\u00e1bado ( 25 ), a Corpora\u00e7\u00e3o Musical Omar Faria Alfradique (COMFA), do bairro Cidade Nova, participa do 35\u00ba Encontro<\/p>\n","protected":false},"author":2,"featured_media":14410,"comment_status":"open","ping_status":"open","sticky":false,"template":"","format":"standard","meta":{"_mi_skip_tracking":false,"footnotes":""},"categories":[286],"tags":[],"class_list":["post-14409","post","type-post","status-publish","format-standard","has-post-thumbnail","hentry","category-educacao"],"_links":{"self":[{"href":"https:\/\/www.silvajardim.rj.gov.br\/index.php\/wp-json\/wp\/v2\/posts\/14409","targetHints":{"allow":["GET"]}}],"collection":[{"href":"https:\/\/www.silvajardim.rj.gov.br\/index.php\/wp-json\/wp\/v2\/posts"}],"about":[{"href":"https:\/\/www.silvajardim.rj.gov.br\/index.php\/wp-json\/wp\/v2\/types\/post"}],"author":[{"embeddable":true,"href":"https:\/\/www.silvajardim.rj.gov.br\/index.php\/wp-json\/wp\/v2\/users\/2"}],"replies":[{"embeddable":true,"href":"https:\/\/www.silvajardim.rj.gov.br\/index.php\/wp-json\/wp\/v2\/comments?post=14409"}],"version-history":[{"count":1,"href":"https:\/\/www.silvajardim.rj.gov.br\/index.php\/wp-json\/wp\/v2\/posts\/14409\/revisions"}],"predecessor-version":[{"id":14412,"href":"https:\/\/www.silvajardim.rj.gov.br\/index.php\/wp-json\/wp\/v2\/posts\/14409\/revisions\/14412"}],"wp:featuredmedia":[{"embeddable":true,"href":"https:\/\/www.silvajardim.rj.gov.br\/index.php\/wp-json\/wp\/v2\/media\/14410"}],"wp:attachment":[{"href":"https:\/\/www.silvajardim.rj.gov.br\/index.php\/wp-json\/wp\/v2\/media?parent=14409"}],"wp:term":[{"taxonomy":"category","embeddable":true,"href":"https:\/\/www.silvajardim.rj.gov.br\/index.php\/wp-json\/wp\/v2\/categories?post=14409"},{"taxonomy":"post_tag","embeddable":true,"href":"https:\/\/www.silvajardim.rj.gov.br\/index.php\/wp-json\/wp\/v2\/tags?post=14409"}],"curies":[{"name":"wp","href":"https:\/\/api.w.org\/{rel}","templated":true}]}}