{"id":14703,"date":"2022-07-19T14:44:43","date_gmt":"2022-07-19T17:44:43","guid":{"rendered":"https:\/\/www.silvajardim.rj.gov.br\/?p=14703"},"modified":"2022-07-19T14:44:45","modified_gmt":"2022-07-19T17:44:45","slug":"meio-ambiente-quer-implantar-reciclagem-de-residuos-no-municipio","status":"publish","type":"post","link":"https:\/\/www.silvajardim.rj.gov.br\/index.php\/2022\/07\/19\/meio-ambiente-quer-implantar-reciclagem-de-residuos-no-municipio\/","title":{"rendered":"Meio Ambiente quer implantar reciclagem de res\u00edduos no munic\u00edpio."},"content":{"rendered":"\n\n\n<figure class=\"wp-block-gallery has-nested-images columns-default is-cropped wp-block-gallery-1 is-layout-flex wp-block-gallery-is-layout-flex\">\n<figure class=\"wp-block-image size-medium\"><img loading=\"lazy\" decoding=\"async\" width=\"300\" height=\"200\" data-id=\"14704\" src=\"https:\/\/www.silvajardim.rj.gov.br\/wp-content\/uploads\/2022\/07\/294684060_5295351700520325_2894761124191721962_n-300x200.jpg\" alt=\"\" class=\"wp-image-14704\" srcset=\"https:\/\/www.silvajardim.rj.gov.br\/wp-content\/uploads\/2022\/07\/294684060_5295351700520325_2894761124191721962_n-300x200.jpg 300w, https:\/\/www.silvajardim.rj.gov.br\/wp-content\/uploads\/2022\/07\/294684060_5295351700520325_2894761124191721962_n-1024x683.jpg 1024w, https:\/\/www.silvajardim.rj.gov.br\/wp-content\/uploads\/2022\/07\/294684060_5295351700520325_2894761124191721962_n-768x512.jpg 768w, https:\/\/www.silvajardim.rj.gov.br\/wp-content\/uploads\/2022\/07\/294684060_5295351700520325_2894761124191721962_n.jpg 1080w\" sizes=\"auto, (max-width: 300px) 100vw, 300px\" \/><\/figure>\n\n\n\n<figure class=\"wp-block-image size-medium\"><img loading=\"lazy\" decoding=\"async\" width=\"300\" height=\"200\" data-id=\"14705\" src=\"https:\/\/www.silvajardim.rj.gov.br\/wp-content\/uploads\/2022\/07\/294735938_5295351697186992_967586173972233736_n-300x200.jpg\" alt=\"\" class=\"wp-image-14705\" srcset=\"https:\/\/www.silvajardim.rj.gov.br\/wp-content\/uploads\/2022\/07\/294735938_5295351697186992_967586173972233736_n-300x200.jpg 300w, https:\/\/www.silvajardim.rj.gov.br\/wp-content\/uploads\/2022\/07\/294735938_5295351697186992_967586173972233736_n-1024x683.jpg 1024w, https:\/\/www.silvajardim.rj.gov.br\/wp-content\/uploads\/2022\/07\/294735938_5295351697186992_967586173972233736_n-768x512.jpg 768w, https:\/\/www.silvajardim.rj.gov.br\/wp-content\/uploads\/2022\/07\/294735938_5295351697186992_967586173972233736_n.jpg 1080w\" sizes=\"auto, (max-width: 300px) 100vw, 300px\" \/><\/figure>\n<\/figure>\n\n\n\n<p>A muito nos orgulhamos de ser uma cidade verde e das maravilhas que nos cercam. <br \/>Somos realmente bonitos por natureza. <br \/>Pensando em preserva\u00e7\u00e3o e no futuro de todos, temos feito muitas melhorias, atrav\u00e9s da Secretaria de Meio Ambiente.<br \/>No \u00faltimo dia 16, nossa Subsecretaria Gabriela Figueiredo, se reuniu com diretores de cooperativa, afim de trazer para nossa cidade, uma melhor forma de descarte de nossos res\u00edduos. <br \/>A reciclagem, al\u00e9m de ajudar o meio ambiente, \u00e9 fonte de renda, gerador de emprego. Estamos trabalhando muito para logo implantarmos esse projeto em nossa cidade. <br \/>Por uma cidade mais limpa!<\/p>\n","protected":false},"excerpt":{"rendered":"<p>A muito nos orgulhamos de ser uma cidade verde e das maravilhas que nos cercam. Somos realmente bonitos por natureza.<\/p>\n","protected":false},"author":2,"featured_media":14705,"comment_status":"open","ping_status":"open","sticky":false,"template":"","format":"standard","meta":{"_mi_skip_tracking":false,"footnotes":""},"categories":[276],"tags":[],"class_list":["post-14703","post","type-post","status-publish","format-standard","has-post-thumbnail","hentry","category-meio-ambiente"],"_links":{"self":[{"href":"https:\/\/www.silvajardim.rj.gov.br\/index.php\/wp-json\/wp\/v2\/posts\/14703","targetHints":{"allow":["GET"]}}],"collection":[{"href":"https:\/\/www.silvajardim.rj.gov.br\/index.php\/wp-json\/wp\/v2\/posts"}],"about":[{"href":"https:\/\/www.silvajardim.rj.gov.br\/index.php\/wp-json\/wp\/v2\/types\/post"}],"author":[{"embeddable":true,"href":"https:\/\/www.silvajardim.rj.gov.br\/index.php\/wp-json\/wp\/v2\/users\/2"}],"replies":[{"embeddable":true,"href":"https:\/\/www.silvajardim.rj.gov.br\/index.php\/wp-json\/wp\/v2\/comments?post=14703"}],"version-history":[{"count":1,"href":"https:\/\/www.silvajardim.rj.gov.br\/index.php\/wp-json\/wp\/v2\/posts\/14703\/revisions"}],"predecessor-version":[{"id":14706,"href":"https:\/\/www.silvajardim.rj.gov.br\/index.php\/wp-json\/wp\/v2\/posts\/14703\/revisions\/14706"}],"wp:featuredmedia":[{"embeddable":true,"href":"https:\/\/www.silvajardim.rj.gov.br\/index.php\/wp-json\/wp\/v2\/media\/14705"}],"wp:attachment":[{"href":"https:\/\/www.silvajardim.rj.gov.br\/index.php\/wp-json\/wp\/v2\/media?parent=14703"}],"wp:term":[{"taxonomy":"category","embeddable":true,"href":"https:\/\/www.silvajardim.rj.gov.br\/index.php\/wp-json\/wp\/v2\/categories?post=14703"},{"taxonomy":"post_tag","embeddable":true,"href":"https:\/\/www.silvajardim.rj.gov.br\/index.php\/wp-json\/wp\/v2\/tags?post=14703"}],"curies":[{"name":"wp","href":"https:\/\/api.w.org\/{rel}","templated":true}]}}