{"id":15943,"date":"2022-08-11T11:23:10","date_gmt":"2022-08-11T14:23:10","guid":{"rendered":"https:\/\/www.silvajardim.rj.gov.br\/?p=15943"},"modified":"2022-08-12T11:23:24","modified_gmt":"2022-08-12T14:23:24","slug":"servico-publico-em-acao-2","status":"publish","type":"post","link":"https:\/\/www.silvajardim.rj.gov.br\/index.php\/2022\/08\/11\/servico-publico-em-acao-2\/","title":{"rendered":"Servi\u00e7o P\u00fablico em a\u00e7\u00e3o"},"content":{"rendered":"\n\n\n<p>Servi\u00e7o P\u00fablico em a\u00e7\u00e3o!<br \/>Nesta quarta-feira, 10 de agosto, a Secretaria de Servi\u00e7os P\u00fablicos fez a retirada de entulho e limpeza das ruas em Varginha.<br \/>Voc\u00ea tem um entulho na rua e precisa ser retirado? Sabia que existe o Disk Entulho? Basta ligar para o n\u00famero (22) 99949-6588 e comunicar o endere\u00e7o e o que precisa ser retirado. <br \/>\u26a0\ufe0fO atendimento funciona de segunda \u00e0 sexta das 09h \u00e0s 17h.<br \/>Cumprindo metas e avan\u00e7ando!<\/p>\n\n\n\n<figure class=\"wp-block-gallery has-nested-images columns-default is-cropped wp-block-gallery-1 is-layout-flex wp-block-gallery-is-layout-flex\">\n<figure class=\"wp-block-image size-large\"><img loading=\"lazy\" decoding=\"async\" width=\"770\" height=\"579\" data-id=\"15944\" src=\"https:\/\/www.silvajardim.rj.gov.br\/wp-content\/uploads\/2022\/08\/298726764_5356551847733643_7814149440538396131_n.jpg\" alt=\"\" class=\"wp-image-15944\" srcset=\"https:\/\/www.silvajardim.rj.gov.br\/wp-content\/uploads\/2022\/08\/298726764_5356551847733643_7814149440538396131_n.jpg 770w, https:\/\/www.silvajardim.rj.gov.br\/wp-content\/uploads\/2022\/08\/298726764_5356551847733643_7814149440538396131_n-300x226.jpg 300w, https:\/\/www.silvajardim.rj.gov.br\/wp-content\/uploads\/2022\/08\/298726764_5356551847733643_7814149440538396131_n-768x577.jpg 768w\" sizes=\"auto, (max-width: 770px) 100vw, 770px\" \/><\/figure>\n\n\n\n<figure class=\"wp-block-image size-large\"><img loading=\"lazy\" decoding=\"async\" width=\"770\" height=\"579\" data-id=\"15945\" src=\"https:\/\/www.silvajardim.rj.gov.br\/wp-content\/uploads\/2022\/08\/298805078_5356551854400309_3055168420806796806_n.jpg\" alt=\"\" class=\"wp-image-15945\" srcset=\"https:\/\/www.silvajardim.rj.gov.br\/wp-content\/uploads\/2022\/08\/298805078_5356551854400309_3055168420806796806_n.jpg 770w, https:\/\/www.silvajardim.rj.gov.br\/wp-content\/uploads\/2022\/08\/298805078_5356551854400309_3055168420806796806_n-300x226.jpg 300w, https:\/\/www.silvajardim.rj.gov.br\/wp-content\/uploads\/2022\/08\/298805078_5356551854400309_3055168420806796806_n-768x577.jpg 768w\" sizes=\"auto, (max-width: 770px) 100vw, 770px\" \/><\/figure>\n\n\n\n<figure class=\"wp-block-image size-large\"><img loading=\"lazy\" decoding=\"async\" width=\"768\" height=\"576\" data-id=\"15946\" src=\"https:\/\/www.silvajardim.rj.gov.br\/wp-content\/uploads\/2022\/08\/299013791_5356551851066976_6755340609917956418_n.jpg\" alt=\"\" class=\"wp-image-15946\" srcset=\"https:\/\/www.silvajardim.rj.gov.br\/wp-content\/uploads\/2022\/08\/299013791_5356551851066976_6755340609917956418_n.jpg 768w, https:\/\/www.silvajardim.rj.gov.br\/wp-content\/uploads\/2022\/08\/299013791_5356551851066976_6755340609917956418_n-300x225.jpg 300w\" sizes=\"auto, (max-width: 768px) 100vw, 768px\" \/><\/figure>\n<\/figure>\n","protected":false},"excerpt":{"rendered":"<p>Servi\u00e7o P\u00fablico em a\u00e7\u00e3o!Nesta quarta-feira, 10 de agosto, a Secretaria de Servi\u00e7os P\u00fablicos fez a retirada de entulho e limpeza<\/p>\n","protected":false},"author":2,"featured_media":15944,"comment_status":"open","ping_status":"open","sticky":false,"template":"","format":"standard","meta":{"_mi_skip_tracking":false,"footnotes":""},"categories":[277],"tags":[],"class_list":["post-15943","post","type-post","status-publish","format-standard","has-post-thumbnail","hentry","category-obras-e-servicos-publicos"],"_links":{"self":[{"href":"https:\/\/www.silvajardim.rj.gov.br\/index.php\/wp-json\/wp\/v2\/posts\/15943","targetHints":{"allow":["GET"]}}],"collection":[{"href":"https:\/\/www.silvajardim.rj.gov.br\/index.php\/wp-json\/wp\/v2\/posts"}],"about":[{"href":"https:\/\/www.silvajardim.rj.gov.br\/index.php\/wp-json\/wp\/v2\/types\/post"}],"author":[{"embeddable":true,"href":"https:\/\/www.silvajardim.rj.gov.br\/index.php\/wp-json\/wp\/v2\/users\/2"}],"replies":[{"embeddable":true,"href":"https:\/\/www.silvajardim.rj.gov.br\/index.php\/wp-json\/wp\/v2\/comments?post=15943"}],"version-history":[{"count":1,"href":"https:\/\/www.silvajardim.rj.gov.br\/index.php\/wp-json\/wp\/v2\/posts\/15943\/revisions"}],"predecessor-version":[{"id":15947,"href":"https:\/\/www.silvajardim.rj.gov.br\/index.php\/wp-json\/wp\/v2\/posts\/15943\/revisions\/15947"}],"wp:featuredmedia":[{"embeddable":true,"href":"https:\/\/www.silvajardim.rj.gov.br\/index.php\/wp-json\/wp\/v2\/media\/15944"}],"wp:attachment":[{"href":"https:\/\/www.silvajardim.rj.gov.br\/index.php\/wp-json\/wp\/v2\/media?parent=15943"}],"wp:term":[{"taxonomy":"category","embeddable":true,"href":"https:\/\/www.silvajardim.rj.gov.br\/index.php\/wp-json\/wp\/v2\/categories?post=15943"},{"taxonomy":"post_tag","embeddable":true,"href":"https:\/\/www.silvajardim.rj.gov.br\/index.php\/wp-json\/wp\/v2\/tags?post=15943"}],"curies":[{"name":"wp","href":"https:\/\/api.w.org\/{rel}","templated":true}]}}