{"id":1792,"date":"2019-07-08T19:20:08","date_gmt":"2019-07-08T22:20:08","guid":{"rendered":"https:\/\/www.silvajardim.rj.gov.br\/?p=1792"},"modified":"2019-07-08T19:20:08","modified_gmt":"2019-07-08T22:20:08","slug":"inscricoes-para-o-concurso-publico-de-silva-jardim-foram-prorrogadas","status":"publish","type":"post","link":"https:\/\/www.silvajardim.rj.gov.br\/index.php\/2019\/07\/08\/inscricoes-para-o-concurso-publico-de-silva-jardim-foram-prorrogadas\/","title":{"rendered":"Inscri\u00e7\u00f5es para o Concurso P\u00fablico de Silva Jardim foram Prorrogadas"},"content":{"rendered":"\n<figure class=\"wp-block-image\"><img decoding=\"async\" src=\"https:\/\/www.silvajardim.rj.gov.br\/wp-content\/uploads\/2019\/07\/60C76995-3528-4622-8107-7067F3C1A33F-1024x733.jpeg\" alt=\"\" class=\"wp-image-1793\" \/><figcaption>A Prefeitura de Silva Jardim, atrav\u00e9s da Secretaria Municipal de Administra\u00e7\u00e3o, informa que as inscri\u00e7\u00f5es para o Concurso P\u00fablico foram prorrogadas. O novo prazo vai at\u00e9 as 23h59min do dia 18 de julho e as inscri\u00e7\u00f5es s\u00f3 poder\u00e3o ser realizadas, exclusivamente, pela internet. As provas objetivas tamb\u00e9m tiveram suas datas alteradas. A nova data para aplica\u00e7\u00e3o das provas ser\u00e1 no dia 25 de agosto. Para ter acesso \u00e0s inscri\u00e7\u00f5es e ao edital atualizado do certame, basta acessar o site da banca organizadora atrav\u00e9s do site www.institutoibdo.com.br\/informacoes\/32\/.<\/figcaption><\/figure>\n","protected":false},"excerpt":{"rendered":"","protected":false},"author":1,"featured_media":1793,"comment_status":"closed","ping_status":"closed","sticky":false,"template":"","format":"standard","meta":{"_mi_skip_tracking":false,"footnotes":""},"categories":[279,273],"tags":[],"class_list":["post-1792","post","type-post","status-publish","format-standard","has-post-thumbnail","hentry","category-administracao","category-prefeitura"],"_links":{"self":[{"href":"https:\/\/www.silvajardim.rj.gov.br\/index.php\/wp-json\/wp\/v2\/posts\/1792","targetHints":{"allow":["GET"]}}],"collection":[{"href":"https:\/\/www.silvajardim.rj.gov.br\/index.php\/wp-json\/wp\/v2\/posts"}],"about":[{"href":"https:\/\/www.silvajardim.rj.gov.br\/index.php\/wp-json\/wp\/v2\/types\/post"}],"author":[{"embeddable":true,"href":"https:\/\/www.silvajardim.rj.gov.br\/index.php\/wp-json\/wp\/v2\/users\/1"}],"replies":[{"embeddable":true,"href":"https:\/\/www.silvajardim.rj.gov.br\/index.php\/wp-json\/wp\/v2\/comments?post=1792"}],"version-history":[{"count":0,"href":"https:\/\/www.silvajardim.rj.gov.br\/index.php\/wp-json\/wp\/v2\/posts\/1792\/revisions"}],"wp:featuredmedia":[{"embeddable":true,"href":"https:\/\/www.silvajardim.rj.gov.br\/index.php\/wp-json\/"}],"wp:attachment":[{"href":"https:\/\/www.silvajardim.rj.gov.br\/index.php\/wp-json\/wp\/v2\/media?parent=1792"}],"wp:term":[{"taxonomy":"category","embeddable":true,"href":"https:\/\/www.silvajardim.rj.gov.br\/index.php\/wp-json\/wp\/v2\/categories?post=1792"},{"taxonomy":"post_tag","embeddable":true,"href":"https:\/\/www.silvajardim.rj.gov.br\/index.php\/wp-json\/wp\/v2\/tags?post=1792"}],"curies":[{"name":"wp","href":"https:\/\/api.w.org\/{rel}","templated":true}]}}