{"id":1795,"date":"2019-07-09T10:05:35","date_gmt":"2019-07-09T13:05:35","guid":{"rendered":"https:\/\/www.silvajardim.rj.gov.br\/?p=1795"},"modified":"2019-07-09T10:05:35","modified_gmt":"2019-07-09T13:05:35","slug":"sarau-das-artes-no-centro-cultura-capivari-agita-sua-sexta-feira-12","status":"publish","type":"post","link":"https:\/\/www.silvajardim.rj.gov.br\/index.php\/2019\/07\/09\/sarau-das-artes-no-centro-cultura-capivari-agita-sua-sexta-feira-12\/","title":{"rendered":"Sarau das Artes no Centro Cultura Capivar\u00ed agita sua Sexta-Feira (12)"},"content":{"rendered":"\n<figure class=\"wp-block-image\"><img decoding=\"async\" src=\"https:\/\/www.silvajardim.rj.gov.br\/wp-content\/uploads\/2019\/07\/FA028F83-BF8E-49C0-B069-561B402D315E-1024x1024.jpeg\" alt=\"\" class=\"wp-image-1796\" \/><figcaption>Vem a\u00ed mais uma edi\u00e7\u00e3o do Sarau, no Centro Cultural Capivari (CCC), no pr\u00f3ximo dia 12 de julho, as 18 horas. O evento que conta com barracas de comidas t\u00edpicas, bebidas, artesanato com a Associarte e Feira Viva, al\u00e9m de m\u00fasica boa com Pedro Mello.<br> O Sarau das Artes \u00e9 uma Realiza\u00e7\u00e3o da Prefeitura Municipal de Silva Jardim, atrav\u00e9s da Secretaria de Turismo e Cultura, com o apoio das Empresas, Kaapora, Queijaria Cabinas, Cervejaria Salva Silva e a F\u00e1brica de Lingui\u00e7a Don Poneone.<br> Venha e traga sua fam\u00edlia!!<\/figcaption><\/figure>\n","protected":false},"excerpt":{"rendered":"","protected":false},"author":1,"featured_media":1796,"comment_status":"closed","ping_status":"closed","sticky":false,"template":"","format":"standard","meta":{"_mi_skip_tracking":false,"footnotes":""},"categories":[273,278],"tags":[],"class_list":["post-1795","post","type-post","status-publish","format-standard","has-post-thumbnail","hentry","category-prefeitura","category-turismo"],"_links":{"self":[{"href":"https:\/\/www.silvajardim.rj.gov.br\/index.php\/wp-json\/wp\/v2\/posts\/1795","targetHints":{"allow":["GET"]}}],"collection":[{"href":"https:\/\/www.silvajardim.rj.gov.br\/index.php\/wp-json\/wp\/v2\/posts"}],"about":[{"href":"https:\/\/www.silvajardim.rj.gov.br\/index.php\/wp-json\/wp\/v2\/types\/post"}],"author":[{"embeddable":true,"href":"https:\/\/www.silvajardim.rj.gov.br\/index.php\/wp-json\/wp\/v2\/users\/1"}],"replies":[{"embeddable":true,"href":"https:\/\/www.silvajardim.rj.gov.br\/index.php\/wp-json\/wp\/v2\/comments?post=1795"}],"version-history":[{"count":0,"href":"https:\/\/www.silvajardim.rj.gov.br\/index.php\/wp-json\/wp\/v2\/posts\/1795\/revisions"}],"wp:featuredmedia":[{"embeddable":true,"href":"https:\/\/www.silvajardim.rj.gov.br\/index.php\/wp-json\/"}],"wp:attachment":[{"href":"https:\/\/www.silvajardim.rj.gov.br\/index.php\/wp-json\/wp\/v2\/media?parent=1795"}],"wp:term":[{"taxonomy":"category","embeddable":true,"href":"https:\/\/www.silvajardim.rj.gov.br\/index.php\/wp-json\/wp\/v2\/categories?post=1795"},{"taxonomy":"post_tag","embeddable":true,"href":"https:\/\/www.silvajardim.rj.gov.br\/index.php\/wp-json\/wp\/v2\/tags?post=1795"}],"curies":[{"name":"wp","href":"https:\/\/api.w.org\/{rel}","templated":true}]}}