{"id":1802,"date":"2019-07-10T12:55:37","date_gmt":"2019-07-10T15:55:37","guid":{"rendered":"https:\/\/www.silvajardim.rj.gov.br\/?p=1802"},"modified":"2019-07-10T12:55:37","modified_gmt":"2019-07-10T15:55:37","slug":"alunos-da-pestalozzi-visitam-centro-cultural-capivari","status":"publish","type":"post","link":"https:\/\/www.silvajardim.rj.gov.br\/index.php\/2019\/07\/10\/alunos-da-pestalozzi-visitam-centro-cultural-capivari\/","title":{"rendered":"Alunos da Pestalozzi visitam Centro Cultural Capivar\u00ed"},"content":{"rendered":"\n<figure class=\"wp-block-image\"><img decoding=\"async\" src=\"https:\/\/www.silvajardim.rj.gov.br\/wp-content\/uploads\/2019\/07\/97C00C5C-3EF0-4A5B-9C50-B70A3F9EB7A7.jpeg\" alt=\"\" class=\"wp-image-1808\" \/><figcaption> Alunos da Associa\u00e7\u00e3o Pestalozzi de Silva Jardim visitaram na \u00faltima ter\u00e7a-feira (9), o Centro Cultural Capivar\u00ed (CCC), no centro da cidade.  A visita foi em prol da Exposi\u00e7\u00e3o em Comemora\u00e7\u00e3o aos 30 Anos da Associa\u00e7\u00e3o Pestalozzi de Silva Jardim.<br> Foram cedidas pe\u00e7as confeccionadas pelos alunos da associa\u00e7\u00e3o que ficar\u00e3o a disposi\u00e7\u00e3o da popula\u00e7\u00e3o para aprecia\u00e7\u00e3o no Centro Cultural Capivar\u00ed (CCC). Ao todo, 25 alunos participaram da visita, acompanhados pela Presidente da Associa\u00e7\u00e3o Pestalozzi de Silva Jardim, Ver\u00f4nica Matos.<br> O Diretor de Cultura, Humberto Ramon, falou da felicidade de receber essa exposi\u00e7\u00e3o no CCC. &#8220;\u00c9 uma honra imensa abrir as portas do Centro Cultural Capivari e ver vida. Ver a nossa vida. Ver a nossa cultura. Essa foi a orienta\u00e7\u00e3o da Prefeita Cilene, dar vida e enaltecer nossa cultura neste espa\u00e7o e os trabalhos manuais elaborados pelos alunos e professores da Associa\u00e7\u00e3o Pestalozzi de Silva Jardim nos d\u00e3o orgulho e s\u00e3o dignos de admira\u00e7\u00e3o. Venham ver!&#8221;, finalizou Humberto.<br> A Presidente da Associa\u00e7\u00e3o Pestalozzi de Silva Jardim, Ver\u00f4nica Matos, falou da satisfa\u00e7\u00e3o de ter os trabalhos das crian\u00e7as expostos no CCC. \u201cN\u00f3s estamos muito felizes por estarmos mostrando para a comunidade, os trabalhos desenvolvidos pelas crian\u00e7as. Elas s\u00e3o muito criativas, al\u00e9m de produzir os trabalhos com muito amor e carinho. Elas gostam de participar de todas as atividades que n\u00f3s oferecemos. E as fam\u00edlias ficam muito felizes com a evolu\u00e7\u00e3o das crian\u00e7as. Elas est\u00e3o se sentido muito valorizadas com essa exposi\u00e7\u00e3o\u201d, disse a Presidente. <br> A a\u00e7\u00e3o foi realizada pela Secretaria Municipal de Turismo e Cultura, em parceria com a Associa\u00e7\u00e3o Pestalozzi de Silva Jardim.<\/figcaption><\/figure>\n\n\n\n<figure class=\"wp-block-image\"><img decoding=\"async\" src=\"https:\/\/www.silvajardim.rj.gov.br\/wp-content\/uploads\/2019\/07\/A4CC793D-EAE2-4724-98EF-0CC939ABB7E1.jpeg\" alt=\"\" class=\"wp-image-1805\" \/><\/figure>\n\n\n\n<figure class=\"wp-block-image\"><img decoding=\"async\" src=\"https:\/\/www.silvajardim.rj.gov.br\/wp-content\/uploads\/2019\/07\/F8FA5D7B-608B-4FA6-B0D2-623610CFE57E.jpeg\" alt=\"\" class=\"wp-image-1806\" \/><\/figure>\n\n\n\n<figure class=\"wp-block-image\"><img decoding=\"async\" src=\"https:\/\/www.silvajardim.rj.gov.br\/wp-content\/uploads\/2019\/07\/C402515C-255C-4CF0-ABCE-407344613D26.jpeg\" alt=\"\" class=\"wp-image-1804\" \/><\/figure>\n\n\n\n<figure class=\"wp-block-image\"><img decoding=\"async\" src=\"https:\/\/www.silvajardim.rj.gov.br\/wp-content\/uploads\/2019\/07\/C610A478-C89E-4D3D-A91D-23C36A2629DD.jpeg\" alt=\"\" class=\"wp-image-1803\" \/><\/figure>\n","protected":false},"excerpt":{"rendered":"","protected":false},"author":1,"featured_media":1808,"comment_status":"closed","ping_status":"closed","sticky":false,"template":"","format":"standard","meta":{"_mi_skip_tracking":false,"footnotes":""},"categories":[273,278],"tags":[],"class_list":["post-1802","post","type-post","status-publish","format-standard","has-post-thumbnail","hentry","category-prefeitura","category-turismo"],"_links":{"self":[{"href":"https:\/\/www.silvajardim.rj.gov.br\/index.php\/wp-json\/wp\/v2\/posts\/1802","targetHints":{"allow":["GET"]}}],"collection":[{"href":"https:\/\/www.silvajardim.rj.gov.br\/index.php\/wp-json\/wp\/v2\/posts"}],"about":[{"href":"https:\/\/www.silvajardim.rj.gov.br\/index.php\/wp-json\/wp\/v2\/types\/post"}],"author":[{"embeddable":true,"href":"https:\/\/www.silvajardim.rj.gov.br\/index.php\/wp-json\/wp\/v2\/users\/1"}],"replies":[{"embeddable":true,"href":"https:\/\/www.silvajardim.rj.gov.br\/index.php\/wp-json\/wp\/v2\/comments?post=1802"}],"version-history":[{"count":0,"href":"https:\/\/www.silvajardim.rj.gov.br\/index.php\/wp-json\/wp\/v2\/posts\/1802\/revisions"}],"wp:featuredmedia":[{"embeddable":true,"href":"https:\/\/www.silvajardim.rj.gov.br\/index.php\/wp-json\/"}],"wp:attachment":[{"href":"https:\/\/www.silvajardim.rj.gov.br\/index.php\/wp-json\/wp\/v2\/media?parent=1802"}],"wp:term":[{"taxonomy":"category","embeddable":true,"href":"https:\/\/www.silvajardim.rj.gov.br\/index.php\/wp-json\/wp\/v2\/categories?post=1802"},{"taxonomy":"post_tag","embeddable":true,"href":"https:\/\/www.silvajardim.rj.gov.br\/index.php\/wp-json\/wp\/v2\/tags?post=1802"}],"curies":[{"name":"wp","href":"https:\/\/api.w.org\/{rel}","templated":true}]}}