{"id":18301,"date":"2023-03-27T15:32:35","date_gmt":"2023-03-27T18:32:35","guid":{"rendered":"https:\/\/www.silvajardim.rj.gov.br\/?p=18301"},"modified":"2023-03-27T15:32:36","modified_gmt":"2023-03-27T18:32:36","slug":"silva-jardim-recebe-exposicao-fotografica-e-oficina-de-artesanato-gratuita-com-o-tema-balaio-cultural","status":"publish","type":"post","link":"https:\/\/www.silvajardim.rj.gov.br\/index.php\/2023\/03\/27\/silva-jardim-recebe-exposicao-fotografica-e-oficina-de-artesanato-gratuita-com-o-tema-balaio-cultural\/","title":{"rendered":"SILVA JARDIM RECEBE EXPOSI\u00c7\u00c3O FOTOGR\u00c1FICA E OFICINA DE ARTESANATO GRATUITA COM O TEMA \u201cBALAIO CULTURAL\u201d"},"content":{"rendered":"\n<p>A iniciativa \u201cBalaio Cultural\u201d re\u00fane fotos de sete artes\u00e3os que trabalham com fibras naturais na Bacia do Rio S\u00e3o Jo\u00e3o. Em cada uma das sete cidades integrantes do projeto, al\u00e9m da exposi\u00e7\u00e3o das fotos, ser\u00e1 realizada uma oficina gratuita ensinando uma t\u00e9cnica artesanal.<\/p>\n\n\n\n<p>O agricultor e artes\u00e3o Am\u00edlcar, conhecido como \u201cBaixinho\u201d, vai ensinar a trabalhar a fibra do coqueiro para a confec\u00e7\u00e3o de cestas. A oficina acontecer\u00e1 nesta ter\u00e7a-feira (28), a partir das 14h30, no Parque Ecol\u00f3gico Mico-Le\u00e3o-Dourado, sede da Associa\u00e7\u00e3o Mico-Le\u00e3o-Dourado. As inscri\u00e7\u00f5es podem ser feitas atrav\u00e9s do WhatsApp (21) 98331-2619. As vagas s\u00e3o limitadas.<\/p>\n\n\n\n<p>Quem quiser visitar a exposi\u00e7\u00e3o de fotos \u201cBalaio Cultural\u201d, \u00e9 s\u00f3 comparecer no parque, que fica no km 219 da rodovia BR-101, entre os munic\u00edpios de Casimiro de Abreu e Silva Jardim, de ter\u00e7a a quinta-feira desta semana, das 13h \u00e0s 16h. \u00c9 poss\u00edvel aproveitar a viagem e visitar tamb\u00e9m a exposi\u00e7\u00e3o permanente do Parque com a hist\u00f3ria de conserva\u00e7\u00e3o do mico-le\u00e3o-dourado.<\/p>\n\n\n\n<p>\u201cEsta a\u00e7\u00e3o tem dois objetivos principais, valorizar mestres e mestras destes of\u00edcios tradicionais de cestaria e tecelagem, e multiplicar estes saberes com as oficinas gratuitas\u201d, explica Tadzia Maya, jornalista e pedagoga idealizadora e executora do projeto.<\/p>\n\n\n\n<p>O projeto \u201cBalaio Cultural\u201d tem os apoios da Secretaria de Cultura e Economia Criativa do Governo do Estado do Rio de Janeiro e da Prefeitura de Silva Jardim.<\/p>\n\n\n\n<p>Estamos cumprindo metas e avan\u00e7ando!<\/p>\n\n\n\n<figure class=\"wp-block-image size-full\"><img loading=\"lazy\" decoding=\"async\" width=\"1024\" height=\"1024\" src=\"https:\/\/www.silvajardim.rj.gov.br\/wp-content\/uploads\/2023\/03\/WhatsApp-Image-2023-03-27-at-15.30.26.jpeg\" alt=\"\" class=\"wp-image-18302\" srcset=\"https:\/\/www.silvajardim.rj.gov.br\/wp-content\/uploads\/2023\/03\/WhatsApp-Image-2023-03-27-at-15.30.26.jpeg 1024w, https:\/\/www.silvajardim.rj.gov.br\/wp-content\/uploads\/2023\/03\/WhatsApp-Image-2023-03-27-at-15.30.26-300x300.jpeg 300w, https:\/\/www.silvajardim.rj.gov.br\/wp-content\/uploads\/2023\/03\/WhatsApp-Image-2023-03-27-at-15.30.26-150x150.jpeg 150w, https:\/\/www.silvajardim.rj.gov.br\/wp-content\/uploads\/2023\/03\/WhatsApp-Image-2023-03-27-at-15.30.26-768x768.jpeg 768w\" sizes=\"auto, (max-width: 1024px) 100vw, 1024px\" \/><\/figure>\n","protected":false},"excerpt":{"rendered":"<p>A iniciativa \u201cBalaio Cultural\u201d re\u00fane fotos de sete artes\u00e3os que trabalham com fibras naturais na Bacia do Rio S\u00e3o Jo\u00e3o.<\/p>\n","protected":false},"author":3,"featured_media":18302,"comment_status":"open","ping_status":"open","sticky":false,"template":"","format":"standard","meta":{"_mi_skip_tracking":false,"footnotes":""},"categories":[1],"tags":[],"class_list":["post-18301","post","type-post","status-publish","format-standard","has-post-thumbnail","hentry","category-sem-categoria"],"_links":{"self":[{"href":"https:\/\/www.silvajardim.rj.gov.br\/index.php\/wp-json\/wp\/v2\/posts\/18301","targetHints":{"allow":["GET"]}}],"collection":[{"href":"https:\/\/www.silvajardim.rj.gov.br\/index.php\/wp-json\/wp\/v2\/posts"}],"about":[{"href":"https:\/\/www.silvajardim.rj.gov.br\/index.php\/wp-json\/wp\/v2\/types\/post"}],"author":[{"embeddable":true,"href":"https:\/\/www.silvajardim.rj.gov.br\/index.php\/wp-json\/wp\/v2\/users\/3"}],"replies":[{"embeddable":true,"href":"https:\/\/www.silvajardim.rj.gov.br\/index.php\/wp-json\/wp\/v2\/comments?post=18301"}],"version-history":[{"count":1,"href":"https:\/\/www.silvajardim.rj.gov.br\/index.php\/wp-json\/wp\/v2\/posts\/18301\/revisions"}],"predecessor-version":[{"id":18303,"href":"https:\/\/www.silvajardim.rj.gov.br\/index.php\/wp-json\/wp\/v2\/posts\/18301\/revisions\/18303"}],"wp:featuredmedia":[{"embeddable":true,"href":"https:\/\/www.silvajardim.rj.gov.br\/index.php\/wp-json\/wp\/v2\/media\/18302"}],"wp:attachment":[{"href":"https:\/\/www.silvajardim.rj.gov.br\/index.php\/wp-json\/wp\/v2\/media?parent=18301"}],"wp:term":[{"taxonomy":"category","embeddable":true,"href":"https:\/\/www.silvajardim.rj.gov.br\/index.php\/wp-json\/wp\/v2\/categories?post=18301"},{"taxonomy":"post_tag","embeddable":true,"href":"https:\/\/www.silvajardim.rj.gov.br\/index.php\/wp-json\/wp\/v2\/tags?post=18301"}],"curies":[{"name":"wp","href":"https:\/\/api.w.org\/{rel}","templated":true}]}}