{"id":1860,"date":"2019-07-17T15:08:12","date_gmt":"2019-07-17T18:08:12","guid":{"rendered":"https:\/\/www.silvajardim.rj.gov.br\/?p=1860"},"modified":"2019-07-17T15:08:12","modified_gmt":"2019-07-17T18:08:12","slug":"nova-comissao-intersetorial-de-enfrentamento-a-violencia-interpessoal-e-autoprovocada-e-formada","status":"publish","type":"post","link":"https:\/\/www.silvajardim.rj.gov.br\/index.php\/2019\/07\/17\/nova-comissao-intersetorial-de-enfrentamento-a-violencia-interpessoal-e-autoprovocada-e-formada\/","title":{"rendered":"Nova Comiss\u00e3o Intersetorial de Enfrentamento a Viol\u00eancia Interpessoal e Autoprovocada \u00e9 Formada"},"content":{"rendered":"\n<figure class=\"wp-block-image\"><img decoding=\"async\" src=\"https:\/\/www.silvajardim.rj.gov.br\/wp-content\/uploads\/2019\/07\/EE05DCF2-F1F8-451D-A767-FF0143CD856D-1024x575.jpeg\" alt=\"\" class=\"wp-image-1863\"\/><figcaption> <\/figcaption><\/figure>\n\n\n\n<p class=\"texto-justificado\">\nAconteceu ontem (16), uma reuni\u00e3o para concretizar a forma\u00e7\u00e3o da \nComiss\u00e3o Intersetorial de Enfrentamento \u00e0 Viol\u00eancia Interpessoal e \nAutoprovocada no nosso munic\u00edpio.<br> A\n reuni\u00e3o que foi realizada na sala do NEP, contou com mais de 20 \npessoas, de v\u00e1rios dispositivos da rede municipal. A nova comiss\u00e3o \npossui representantes da Sa\u00fade, Educa\u00e7\u00e3o, Promo\u00e7\u00e3o Social, Conselho \nMunicipal de Sa\u00fade, Conselho Tutelar, Vigil\u00e2ncia Epidemiol\u00f3gica, SEDIMM,\n Conselho Municipal de Assist\u00eancia Social, RAPS e Pestalozzi.<br>\n A Psic\u00f3loga e Coordenadora da Comiss\u00e3o Intersetorial, Isis Teixeira \nFaria, destacou a import\u00e2ncia desse trabalho e garantiu que em breve \noutros dispositivos da rede, enviar\u00e3o seus representantes para colaborar\n com a Comiss\u00e3o. \u201d Em julho de 2018, realizamos uma Capacita\u00e7\u00e3o para \npreenchimento da Ficha de Notifica\u00e7\u00e3o de Viol\u00eancia, no Teatro Zez\u00e9 \nMacedo, que teve a participa\u00e7\u00e3o de cerca de 110 pessoas, de v\u00e1rios \ndispositivos da rede municipal. De l\u00e1 para c\u00e1 criamos um fluxo de \natendimento, encaminhamento e acompanhamento das v\u00edtimas de viol\u00eancia. \u201d<br>\n O Programa de Enfrentamento \u00e0 Viol\u00eancia, \u00e9 uma realiza\u00e7\u00e3o da Prefeitura\n Municipal de Silva Jardim, atrav\u00e9s da secret\u00e1ria de Sa\u00fade.\n\n<\/p>\n\n\n\n<figure class=\"wp-block-image\"><img decoding=\"async\" src=\"https:\/\/www.silvajardim.rj.gov.br\/wp-content\/uploads\/2019\/07\/E109A16F-CABF-4858-BF99-4B7FE3CED0FE-1024x683.jpeg\" alt=\"\" class=\"wp-image-1864\"\/><\/figure>\n","protected":false},"excerpt":{"rendered":"<p>Aconteceu ontem (16), uma reuni\u00e3o para concretizar a forma\u00e7\u00e3o da Comiss\u00e3o Intersetorial de Enfrentamento \u00e0 Viol\u00eancia Interpessoal e Autoprovocada no<\/p>\n","protected":false},"author":1,"featured_media":1865,"comment_status":"closed","ping_status":"closed","sticky":false,"template":"","format":"standard","meta":{"_mi_skip_tracking":false,"footnotes":""},"categories":[273,275],"tags":[],"class_list":["post-1860","post","type-post","status-publish","format-standard","has-post-thumbnail","hentry","category-prefeitura","category-saude"],"_links":{"self":[{"href":"https:\/\/www.silvajardim.rj.gov.br\/index.php\/wp-json\/wp\/v2\/posts\/1860","targetHints":{"allow":["GET"]}}],"collection":[{"href":"https:\/\/www.silvajardim.rj.gov.br\/index.php\/wp-json\/wp\/v2\/posts"}],"about":[{"href":"https:\/\/www.silvajardim.rj.gov.br\/index.php\/wp-json\/wp\/v2\/types\/post"}],"author":[{"embeddable":true,"href":"https:\/\/www.silvajardim.rj.gov.br\/index.php\/wp-json\/wp\/v2\/users\/1"}],"replies":[{"embeddable":true,"href":"https:\/\/www.silvajardim.rj.gov.br\/index.php\/wp-json\/wp\/v2\/comments?post=1860"}],"version-history":[{"count":0,"href":"https:\/\/www.silvajardim.rj.gov.br\/index.php\/wp-json\/wp\/v2\/posts\/1860\/revisions"}],"wp:featuredmedia":[{"embeddable":true,"href":"https:\/\/www.silvajardim.rj.gov.br\/index.php\/wp-json\/"}],"wp:attachment":[{"href":"https:\/\/www.silvajardim.rj.gov.br\/index.php\/wp-json\/wp\/v2\/media?parent=1860"}],"wp:term":[{"taxonomy":"category","embeddable":true,"href":"https:\/\/www.silvajardim.rj.gov.br\/index.php\/wp-json\/wp\/v2\/categories?post=1860"},{"taxonomy":"post_tag","embeddable":true,"href":"https:\/\/www.silvajardim.rj.gov.br\/index.php\/wp-json\/wp\/v2\/tags?post=1860"}],"curies":[{"name":"wp","href":"https:\/\/api.w.org\/{rel}","templated":true}]}}