{"id":18855,"date":"2023-04-24T16:04:58","date_gmt":"2023-04-24T19:04:58","guid":{"rendered":"https:\/\/www.silvajardim.rj.gov.br\/?p=18855"},"modified":"2023-04-24T16:59:03","modified_gmt":"2023-04-24T19:59:03","slug":"apresentacao-do-planejamento-estrategico-da-secretaria-de-fazenda","status":"publish","type":"post","link":"https:\/\/www.silvajardim.rj.gov.br\/index.php\/2023\/04\/24\/apresentacao-do-planejamento-estrategico-da-secretaria-de-fazenda\/","title":{"rendered":"APRESENTA\u00c7\u00c3O DO PLANEJAMENTO ESTRAT\u00c9GICO DA SECRETARIA DE FAZENDA"},"content":{"rendered":"\n<p>Foi apresentado na \u00faltima ter\u00e7a-feira (18), o Planejamento Estrat\u00e9gico da Secretaria Municipal de Fazenda, o qual foi elaborado em parceria com o Servi\u00e7o Brasileiro de Apoio \u00e0s Micro e Pequenas Empresas (SEBRAE). O evento foi realizado na Primeira Igreja Batista de Silva Jardim e contou com as presen\u00e7as da prefeita Maira Figueiredo, da Coordenadora Regional do SEBRAE Ana Claudia Melo, do Analista Regional do SEBRAE Ronald Silveira, do Secret\u00e1rio de Fazenda de Casimiro de Abreu Leonardo Henrique de Souza, do Subsecret\u00e1rio de Fazenda de Casimiro de Abreu Felipe Freire de Souza e da Fiscal Tribut\u00e1ria do Munic\u00edpio de Iguaba Grande Juliana Vieira Juli\u00e3o de Souza.<\/p>\n\n\n\n<p>Na ocasi\u00e3o, o consultor do SEBRAE Marcus Macedo, apresentou a vis\u00e3o do futuro da Secretaria de Fazenda, que foi definida durante os encontros que originaram o Planejamento Estrat\u00e9gico. Ele explicou que o planejamento estrat\u00e9gico \u00e9 um documento que formaliza um conjunto de diretrizes para o desenvolvimento da Secretaria de Fazenda, onde foram definidos os planos estrat\u00e9gico e operacional.<\/p>\n\n\n\n<p>Na sequ\u00eancia, o Secret\u00e1rio de Fazenda de Silva Jardim Leandro Antunes relatou que o planejamento estrat\u00e9gico foi construindo sobre a perspectiva dos 5 eixos da agenda 2030, tendo como pilar as pessoas (sendo elas servidores ou mun\u00edcipes). Ele abordou ainda sobre a necessidade de qualifica\u00e7\u00e3o continua dos servidores e o reflexo na qualidade do atendimento aos cidad\u00e3os.<\/p>\n\n\n\n<p>O evento contou ainda com o lan\u00e7amento oficial da Plataforma e do Programa de Educa\u00e7\u00e3o continuada da Secretaria de Fazenda. Leandro ressaltou que esse \u00e9 o in\u00edcio de um novo modelo de gest\u00e3o na Secretaria de Fazenda, com foco em resultados, e falou tamb\u00e9m sobre a import\u00e2ncia do trabalho comportamental realizado pela consultora M\u00f4nica Simas, a qual fez um trabalho primordial para alcan\u00e7ar a sinergia da equipe.<\/p>\n\n\n\n<p>A prefeita Maira Figueiredo falou sobre a apresenta\u00e7\u00e3o do planejamento estrat\u00e9gico. \u201cGostaria de agradecer ao Leandro e ao Paulo Eduardo, por terem me apresentado essa proposta. Hoje, eu pude ver os resultados apresentados e o brilho nos olhos de todos os servidores da Secretaria de Fazenda. Acredito que fiz a escolha certa ao apoiar esse projeto. Que esse momento possa ser um marco e um grande avan\u00e7o na forma de administramos nossa cidade. Parab\u00e9ns a todos os envolvidos, pela sensibilidade em conciliar a busca por melhores resultados, sempre priorizando as pessoas\u201d, finalizou a prefeita.<\/p>\n\n\n\n<p>Na oportunidade, a prefeita ainda assinou um Decreto Institucionalizando o Planejamento<\/p>\n\n\n\n<p>Estrat\u00e9gico da Secretaria de Fazenda, refor\u00e7ando ainda mais o seu apoio a a\u00e7\u00e3o.<\/p>\n\n\n\n<p>Estamos cumprindo metas e avan\u00e7ando!<\/p>\n\n\n\n<figure class=\"wp-block-gallery has-nested-images columns-default is-cropped wp-block-gallery-1 is-layout-flex wp-block-gallery-is-layout-flex\">\n<figure class=\"wp-block-image size-large\"><img loading=\"lazy\" decoding=\"async\" width=\"1024\" height=\"684\" data-id=\"18861\" src=\"https:\/\/www.silvajardim.rj.gov.br\/wp-content\/uploads\/2023\/04\/WhatsApp-Image-2023-04-24-at-15.38.11-1.jpeg\" alt=\"\" class=\"wp-image-18861\" srcset=\"https:\/\/www.silvajardim.rj.gov.br\/wp-content\/uploads\/2023\/04\/WhatsApp-Image-2023-04-24-at-15.38.11-1.jpeg 1024w, https:\/\/www.silvajardim.rj.gov.br\/wp-content\/uploads\/2023\/04\/WhatsApp-Image-2023-04-24-at-15.38.11-1-300x200.jpeg 300w, https:\/\/www.silvajardim.rj.gov.br\/wp-content\/uploads\/2023\/04\/WhatsApp-Image-2023-04-24-at-15.38.11-1-768x513.jpeg 768w\" sizes=\"auto, (max-width: 1024px) 100vw, 1024px\" \/><\/figure>\n\n\n\n<figure class=\"wp-block-image size-large\"><img loading=\"lazy\" decoding=\"async\" width=\"1024\" height=\"684\" data-id=\"18870\" src=\"https:\/\/www.silvajardim.rj.gov.br\/wp-content\/uploads\/2023\/04\/WhatsApp-Image-2023-04-24-at-15.34.28-1.jpeg\" alt=\"\" class=\"wp-image-18870\" srcset=\"https:\/\/www.silvajardim.rj.gov.br\/wp-content\/uploads\/2023\/04\/WhatsApp-Image-2023-04-24-at-15.34.28-1.jpeg 1024w, https:\/\/www.silvajardim.rj.gov.br\/wp-content\/uploads\/2023\/04\/WhatsApp-Image-2023-04-24-at-15.34.28-1-300x200.jpeg 300w, https:\/\/www.silvajardim.rj.gov.br\/wp-content\/uploads\/2023\/04\/WhatsApp-Image-2023-04-24-at-15.34.28-1-768x513.jpeg 768w\" sizes=\"auto, (max-width: 1024px) 100vw, 1024px\" \/><\/figure>\n\n\n\n<figure class=\"wp-block-image size-large\"><img loading=\"lazy\" decoding=\"async\" width=\"1024\" height=\"683\" data-id=\"18860\" src=\"https:\/\/www.silvajardim.rj.gov.br\/wp-content\/uploads\/2023\/04\/WhatsApp-Image-2023-04-24-at-15.38.11.jpeg\" alt=\"\" class=\"wp-image-18860\" srcset=\"https:\/\/www.silvajardim.rj.gov.br\/wp-content\/uploads\/2023\/04\/WhatsApp-Image-2023-04-24-at-15.38.11.jpeg 1024w, https:\/\/www.silvajardim.rj.gov.br\/wp-content\/uploads\/2023\/04\/WhatsApp-Image-2023-04-24-at-15.38.11-300x200.jpeg 300w, https:\/\/www.silvajardim.rj.gov.br\/wp-content\/uploads\/2023\/04\/WhatsApp-Image-2023-04-24-at-15.38.11-768x512.jpeg 768w\" sizes=\"auto, (max-width: 1024px) 100vw, 1024px\" \/><\/figure>\n\n\n\n<figure class=\"wp-block-image size-large\"><img loading=\"lazy\" decoding=\"async\" width=\"1024\" height=\"684\" data-id=\"18857\" src=\"https:\/\/www.silvajardim.rj.gov.br\/wp-content\/uploads\/2023\/04\/WhatsApp-Image-2023-04-24-at-15.34.30-3.jpeg\" alt=\"\" class=\"wp-image-18857\" srcset=\"https:\/\/www.silvajardim.rj.gov.br\/wp-content\/uploads\/2023\/04\/WhatsApp-Image-2023-04-24-at-15.34.30-3.jpeg 1024w, https:\/\/www.silvajardim.rj.gov.br\/wp-content\/uploads\/2023\/04\/WhatsApp-Image-2023-04-24-at-15.34.30-3-300x200.jpeg 300w, https:\/\/www.silvajardim.rj.gov.br\/wp-content\/uploads\/2023\/04\/WhatsApp-Image-2023-04-24-at-15.34.30-3-768x513.jpeg 768w\" sizes=\"auto, (max-width: 1024px) 100vw, 1024px\" \/><\/figure>\n\n\n\n<figure class=\"wp-block-image size-large\"><img loading=\"lazy\" decoding=\"async\" width=\"1024\" height=\"685\" data-id=\"18858\" src=\"https:\/\/www.silvajardim.rj.gov.br\/wp-content\/uploads\/2023\/04\/WhatsApp-Image-2023-04-24-at-15.34.30-2.jpeg\" alt=\"\" class=\"wp-image-18858\" srcset=\"https:\/\/www.silvajardim.rj.gov.br\/wp-content\/uploads\/2023\/04\/WhatsApp-Image-2023-04-24-at-15.34.30-2.jpeg 1024w, https:\/\/www.silvajardim.rj.gov.br\/wp-content\/uploads\/2023\/04\/WhatsApp-Image-2023-04-24-at-15.34.30-2-300x201.jpeg 300w, https:\/\/www.silvajardim.rj.gov.br\/wp-content\/uploads\/2023\/04\/WhatsApp-Image-2023-04-24-at-15.34.30-2-768x514.jpeg 768w\" sizes=\"auto, (max-width: 1024px) 100vw, 1024px\" \/><\/figure>\n\n\n\n<figure class=\"wp-block-image size-large\"><img loading=\"lazy\" decoding=\"async\" width=\"1024\" height=\"684\" data-id=\"18859\" src=\"https:\/\/www.silvajardim.rj.gov.br\/wp-content\/uploads\/2023\/04\/WhatsApp-Image-2023-04-24-at-15.34.30-1.jpeg\" alt=\"\" class=\"wp-image-18859\" srcset=\"https:\/\/www.silvajardim.rj.gov.br\/wp-content\/uploads\/2023\/04\/WhatsApp-Image-2023-04-24-at-15.34.30-1.jpeg 1024w, https:\/\/www.silvajardim.rj.gov.br\/wp-content\/uploads\/2023\/04\/WhatsApp-Image-2023-04-24-at-15.34.30-1-300x200.jpeg 300w, https:\/\/www.silvajardim.rj.gov.br\/wp-content\/uploads\/2023\/04\/WhatsApp-Image-2023-04-24-at-15.34.30-1-768x513.jpeg 768w\" sizes=\"auto, (max-width: 1024px) 100vw, 1024px\" \/><\/figure>\n\n\n\n<figure class=\"wp-block-image size-large\"><img loading=\"lazy\" decoding=\"async\" width=\"1024\" height=\"684\" data-id=\"18856\" src=\"https:\/\/www.silvajardim.rj.gov.br\/wp-content\/uploads\/2023\/04\/WhatsApp-Image-2023-04-24-at-15.34.30.jpeg\" alt=\"\" class=\"wp-image-18856\" srcset=\"https:\/\/www.silvajardim.rj.gov.br\/wp-content\/uploads\/2023\/04\/WhatsApp-Image-2023-04-24-at-15.34.30.jpeg 1024w, https:\/\/www.silvajardim.rj.gov.br\/wp-content\/uploads\/2023\/04\/WhatsApp-Image-2023-04-24-at-15.34.30-300x200.jpeg 300w, https:\/\/www.silvajardim.rj.gov.br\/wp-content\/uploads\/2023\/04\/WhatsApp-Image-2023-04-24-at-15.34.30-768x513.jpeg 768w\" sizes=\"auto, (max-width: 1024px) 100vw, 1024px\" \/><\/figure>\n\n\n\n<figure class=\"wp-block-image size-large\"><img loading=\"lazy\" decoding=\"async\" width=\"1024\" height=\"684\" data-id=\"18862\" src=\"https:\/\/www.silvajardim.rj.gov.br\/wp-content\/uploads\/2023\/04\/WhatsApp-Image-2023-04-24-at-15.34.29-4.jpeg\" alt=\"\" class=\"wp-image-18862\" srcset=\"https:\/\/www.silvajardim.rj.gov.br\/wp-content\/uploads\/2023\/04\/WhatsApp-Image-2023-04-24-at-15.34.29-4.jpeg 1024w, https:\/\/www.silvajardim.rj.gov.br\/wp-content\/uploads\/2023\/04\/WhatsApp-Image-2023-04-24-at-15.34.29-4-300x200.jpeg 300w, https:\/\/www.silvajardim.rj.gov.br\/wp-content\/uploads\/2023\/04\/WhatsApp-Image-2023-04-24-at-15.34.29-4-768x513.jpeg 768w\" sizes=\"auto, (max-width: 1024px) 100vw, 1024px\" \/><\/figure>\n\n\n\n<figure class=\"wp-block-image size-large\"><img loading=\"lazy\" decoding=\"async\" width=\"1024\" height=\"684\" data-id=\"18866\" src=\"https:\/\/www.silvajardim.rj.gov.br\/wp-content\/uploads\/2023\/04\/WhatsApp-Image-2023-04-24-at-15.34.29-3.jpeg\" alt=\"\" class=\"wp-image-18866\" srcset=\"https:\/\/www.silvajardim.rj.gov.br\/wp-content\/uploads\/2023\/04\/WhatsApp-Image-2023-04-24-at-15.34.29-3.jpeg 1024w, https:\/\/www.silvajardim.rj.gov.br\/wp-content\/uploads\/2023\/04\/WhatsApp-Image-2023-04-24-at-15.34.29-3-300x200.jpeg 300w, https:\/\/www.silvajardim.rj.gov.br\/wp-content\/uploads\/2023\/04\/WhatsApp-Image-2023-04-24-at-15.34.29-3-768x513.jpeg 768w\" sizes=\"auto, (max-width: 1024px) 100vw, 1024px\" \/><\/figure>\n\n\n\n<figure class=\"wp-block-image size-large\"><img loading=\"lazy\" decoding=\"async\" width=\"1024\" height=\"684\" data-id=\"18863\" src=\"https:\/\/www.silvajardim.rj.gov.br\/wp-content\/uploads\/2023\/04\/WhatsApp-Image-2023-04-24-at-15.34.29-2.jpeg\" alt=\"\" class=\"wp-image-18863\" srcset=\"https:\/\/www.silvajardim.rj.gov.br\/wp-content\/uploads\/2023\/04\/WhatsApp-Image-2023-04-24-at-15.34.29-2.jpeg 1024w, https:\/\/www.silvajardim.rj.gov.br\/wp-content\/uploads\/2023\/04\/WhatsApp-Image-2023-04-24-at-15.34.29-2-300x200.jpeg 300w, https:\/\/www.silvajardim.rj.gov.br\/wp-content\/uploads\/2023\/04\/WhatsApp-Image-2023-04-24-at-15.34.29-2-768x513.jpeg 768w\" sizes=\"auto, (max-width: 1024px) 100vw, 1024px\" \/><\/figure>\n\n\n\n<figure class=\"wp-block-image size-large\"><img loading=\"lazy\" decoding=\"async\" width=\"1024\" height=\"684\" data-id=\"18864\" src=\"https:\/\/www.silvajardim.rj.gov.br\/wp-content\/uploads\/2023\/04\/WhatsApp-Image-2023-04-24-at-15.34.29-1.jpeg\" alt=\"\" class=\"wp-image-18864\" srcset=\"https:\/\/www.silvajardim.rj.gov.br\/wp-content\/uploads\/2023\/04\/WhatsApp-Image-2023-04-24-at-15.34.29-1.jpeg 1024w, https:\/\/www.silvajardim.rj.gov.br\/wp-content\/uploads\/2023\/04\/WhatsApp-Image-2023-04-24-at-15.34.29-1-300x200.jpeg 300w, https:\/\/www.silvajardim.rj.gov.br\/wp-content\/uploads\/2023\/04\/WhatsApp-Image-2023-04-24-at-15.34.29-1-768x513.jpeg 768w\" sizes=\"auto, (max-width: 1024px) 100vw, 1024px\" \/><\/figure>\n\n\n\n<figure class=\"wp-block-image size-large\"><img loading=\"lazy\" decoding=\"async\" width=\"1024\" height=\"685\" data-id=\"18865\" src=\"https:\/\/www.silvajardim.rj.gov.br\/wp-content\/uploads\/2023\/04\/WhatsApp-Image-2023-04-24-at-15.34.29.jpeg\" alt=\"\" class=\"wp-image-18865\" srcset=\"https:\/\/www.silvajardim.rj.gov.br\/wp-content\/uploads\/2023\/04\/WhatsApp-Image-2023-04-24-at-15.34.29.jpeg 1024w, https:\/\/www.silvajardim.rj.gov.br\/wp-content\/uploads\/2023\/04\/WhatsApp-Image-2023-04-24-at-15.34.29-300x201.jpeg 300w, https:\/\/www.silvajardim.rj.gov.br\/wp-content\/uploads\/2023\/04\/WhatsApp-Image-2023-04-24-at-15.34.29-768x514.jpeg 768w\" sizes=\"auto, (max-width: 1024px) 100vw, 1024px\" \/><\/figure>\n\n\n\n<figure class=\"wp-block-image size-large\"><img loading=\"lazy\" decoding=\"async\" width=\"1024\" height=\"684\" data-id=\"18867\" src=\"https:\/\/www.silvajardim.rj.gov.br\/wp-content\/uploads\/2023\/04\/WhatsApp-Image-2023-04-24-at-15.34.28-3.jpeg\" alt=\"\" class=\"wp-image-18867\" srcset=\"https:\/\/www.silvajardim.rj.gov.br\/wp-content\/uploads\/2023\/04\/WhatsApp-Image-2023-04-24-at-15.34.28-3.jpeg 1024w, https:\/\/www.silvajardim.rj.gov.br\/wp-content\/uploads\/2023\/04\/WhatsApp-Image-2023-04-24-at-15.34.28-3-300x200.jpeg 300w, https:\/\/www.silvajardim.rj.gov.br\/wp-content\/uploads\/2023\/04\/WhatsApp-Image-2023-04-24-at-15.34.28-3-768x513.jpeg 768w\" sizes=\"auto, (max-width: 1024px) 100vw, 1024px\" \/><\/figure>\n\n\n\n<figure class=\"wp-block-image size-large\"><img loading=\"lazy\" decoding=\"async\" width=\"1024\" height=\"684\" data-id=\"18868\" src=\"https:\/\/www.silvajardim.rj.gov.br\/wp-content\/uploads\/2023\/04\/WhatsApp-Image-2023-04-24-at-15.34.28-2.jpeg\" alt=\"\" class=\"wp-image-18868\" srcset=\"https:\/\/www.silvajardim.rj.gov.br\/wp-content\/uploads\/2023\/04\/WhatsApp-Image-2023-04-24-at-15.34.28-2.jpeg 1024w, https:\/\/www.silvajardim.rj.gov.br\/wp-content\/uploads\/2023\/04\/WhatsApp-Image-2023-04-24-at-15.34.28-2-300x200.jpeg 300w, https:\/\/www.silvajardim.rj.gov.br\/wp-content\/uploads\/2023\/04\/WhatsApp-Image-2023-04-24-at-15.34.28-2-768x513.jpeg 768w\" sizes=\"auto, (max-width: 1024px) 100vw, 1024px\" \/><\/figure>\n\n\n\n<figure class=\"wp-block-image size-large\"><img loading=\"lazy\" decoding=\"async\" width=\"1024\" height=\"684\" data-id=\"18869\" src=\"https:\/\/www.silvajardim.rj.gov.br\/wp-content\/uploads\/2023\/04\/WhatsApp-Image-2023-04-24-at-15.34.28.jpeg\" alt=\"\" class=\"wp-image-18869\" srcset=\"https:\/\/www.silvajardim.rj.gov.br\/wp-content\/uploads\/2023\/04\/WhatsApp-Image-2023-04-24-at-15.34.28.jpeg 1024w, https:\/\/www.silvajardim.rj.gov.br\/wp-content\/uploads\/2023\/04\/WhatsApp-Image-2023-04-24-at-15.34.28-300x200.jpeg 300w, https:\/\/www.silvajardim.rj.gov.br\/wp-content\/uploads\/2023\/04\/WhatsApp-Image-2023-04-24-at-15.34.28-768x513.jpeg 768w\" sizes=\"auto, (max-width: 1024px) 100vw, 1024px\" \/><\/figure>\n<\/figure>\n","protected":false},"excerpt":{"rendered":"<p>Foi apresentado na \u00faltima ter\u00e7a-feira (18), o Planejamento Estrat\u00e9gico da Secretaria Municipal de Fazenda, o qual foi elaborado em parceria<\/p>\n","protected":false},"author":3,"featured_media":18860,"comment_status":"open","ping_status":"open","sticky":false,"template":"","format":"standard","meta":{"_mi_skip_tracking":false,"footnotes":""},"categories":[1],"tags":[],"class_list":["post-18855","post","type-post","status-publish","format-standard","has-post-thumbnail","hentry","category-sem-categoria"],"_links":{"self":[{"href":"https:\/\/www.silvajardim.rj.gov.br\/index.php\/wp-json\/wp\/v2\/posts\/18855","targetHints":{"allow":["GET"]}}],"collection":[{"href":"https:\/\/www.silvajardim.rj.gov.br\/index.php\/wp-json\/wp\/v2\/posts"}],"about":[{"href":"https:\/\/www.silvajardim.rj.gov.br\/index.php\/wp-json\/wp\/v2\/types\/post"}],"author":[{"embeddable":true,"href":"https:\/\/www.silvajardim.rj.gov.br\/index.php\/wp-json\/wp\/v2\/users\/3"}],"replies":[{"embeddable":true,"href":"https:\/\/www.silvajardim.rj.gov.br\/index.php\/wp-json\/wp\/v2\/comments?post=18855"}],"version-history":[{"count":2,"href":"https:\/\/www.silvajardim.rj.gov.br\/index.php\/wp-json\/wp\/v2\/posts\/18855\/revisions"}],"predecessor-version":[{"id":18872,"href":"https:\/\/www.silvajardim.rj.gov.br\/index.php\/wp-json\/wp\/v2\/posts\/18855\/revisions\/18872"}],"wp:featuredmedia":[{"embeddable":true,"href":"https:\/\/www.silvajardim.rj.gov.br\/index.php\/wp-json\/wp\/v2\/media\/18860"}],"wp:attachment":[{"href":"https:\/\/www.silvajardim.rj.gov.br\/index.php\/wp-json\/wp\/v2\/media?parent=18855"}],"wp:term":[{"taxonomy":"category","embeddable":true,"href":"https:\/\/www.silvajardim.rj.gov.br\/index.php\/wp-json\/wp\/v2\/categories?post=18855"},{"taxonomy":"post_tag","embeddable":true,"href":"https:\/\/www.silvajardim.rj.gov.br\/index.php\/wp-json\/wp\/v2\/tags?post=18855"}],"curies":[{"name":"wp","href":"https:\/\/api.w.org\/{rel}","templated":true}]}}