{"id":19013,"date":"2023-05-02T10:39:43","date_gmt":"2023-05-02T13:39:43","guid":{"rendered":"https:\/\/www.silvajardim.rj.gov.br\/?p=19013"},"modified":"2023-05-02T10:39:45","modified_gmt":"2023-05-02T13:39:45","slug":"programa-saude-na-escola-no-mes-de-abril-em-silva-jardim","status":"publish","type":"post","link":"https:\/\/www.silvajardim.rj.gov.br\/index.php\/2023\/05\/02\/programa-saude-na-escola-no-mes-de-abril-em-silva-jardim\/","title":{"rendered":"PROGRAMA SA\u00daDE NA ESCOLA NO M\u00caS DE ABRIL EM SILVA JARDIM"},"content":{"rendered":"\n<p>A Secret\u00e1ria Municipal de Sa\u00fade e Assist\u00eancia Social, em parceria com a Secretaria Municipal de Educa\u00e7\u00e3o, realizou neste m\u00eas de abril, o Programa Sa\u00fade na Escola. A a\u00e7\u00e3o tem como objetivo trabalhar o desenvolvimento das crian\u00e7as atrav\u00e9s de temas importantes como uma alimenta\u00e7\u00e3o saud\u00e1vel, a import\u00e2ncia da atividade f\u00edsica e da sa\u00fade bucal.<\/p>\n\n\n\n<p>Durante o m\u00eas, o programa esteve presente em diversas escolas como a E.M. Gavi\u00f5es, a E.M. Maurilia Moreira de Carvalho, a E.M Silvina Ferreira Braga e a E.M.Vila Silva Jardim. O evento contou ainda com a participa\u00e7\u00e3o dos pais, onde foi trabalhado a preven\u00e7\u00e3o das doen\u00e7as diarreicas, bem como a vacina\u00e7\u00e3o aos professores.<\/p>\n\n\n\n<p>Estamos cumprindo metas e avan\u00e7ando!<\/p>\n\n\n\n<figure class=\"wp-block-gallery has-nested-images columns-default is-cropped wp-block-gallery-1 is-layout-flex wp-block-gallery-is-layout-flex\">\n<figure class=\"wp-block-image size-large\"><img loading=\"lazy\" decoding=\"async\" width=\"1024\" height=\"768\" data-id=\"19017\" src=\"https:\/\/www.silvajardim.rj.gov.br\/wp-content\/uploads\/2023\/05\/WhatsApp-Image-2023-04-28-at-11.16.39-1-1024x768.jpeg\" alt=\"\" class=\"wp-image-19017\" srcset=\"https:\/\/www.silvajardim.rj.gov.br\/wp-content\/uploads\/2023\/05\/WhatsApp-Image-2023-04-28-at-11.16.39-1-1024x768.jpeg 1024w, https:\/\/www.silvajardim.rj.gov.br\/wp-content\/uploads\/2023\/05\/WhatsApp-Image-2023-04-28-at-11.16.39-1-300x225.jpeg 300w, https:\/\/www.silvajardim.rj.gov.br\/wp-content\/uploads\/2023\/05\/WhatsApp-Image-2023-04-28-at-11.16.39-1-768x576.jpeg 768w, https:\/\/www.silvajardim.rj.gov.br\/wp-content\/uploads\/2023\/05\/WhatsApp-Image-2023-04-28-at-11.16.39-1-1536x1152.jpeg 1536w, https:\/\/www.silvajardim.rj.gov.br\/wp-content\/uploads\/2023\/05\/WhatsApp-Image-2023-04-28-at-11.16.39-1.jpeg 1600w\" sizes=\"auto, (max-width: 1024px) 100vw, 1024px\" \/><\/figure>\n\n\n\n<figure class=\"wp-block-image size-large\"><img loading=\"lazy\" decoding=\"async\" width=\"1024\" height=\"768\" data-id=\"19014\" src=\"https:\/\/www.silvajardim.rj.gov.br\/wp-content\/uploads\/2023\/05\/WhatsApp-Image-2023-04-28-at-11.16.41-1024x768.jpeg\" alt=\"\" class=\"wp-image-19014\" srcset=\"https:\/\/www.silvajardim.rj.gov.br\/wp-content\/uploads\/2023\/05\/WhatsApp-Image-2023-04-28-at-11.16.41-1024x768.jpeg 1024w, https:\/\/www.silvajardim.rj.gov.br\/wp-content\/uploads\/2023\/05\/WhatsApp-Image-2023-04-28-at-11.16.41-300x225.jpeg 300w, https:\/\/www.silvajardim.rj.gov.br\/wp-content\/uploads\/2023\/05\/WhatsApp-Image-2023-04-28-at-11.16.41-768x576.jpeg 768w, https:\/\/www.silvajardim.rj.gov.br\/wp-content\/uploads\/2023\/05\/WhatsApp-Image-2023-04-28-at-11.16.41-1536x1152.jpeg 1536w, https:\/\/www.silvajardim.rj.gov.br\/wp-content\/uploads\/2023\/05\/WhatsApp-Image-2023-04-28-at-11.16.41.jpeg 1600w\" sizes=\"auto, (max-width: 1024px) 100vw, 1024px\" \/><\/figure>\n\n\n\n<figure class=\"wp-block-image size-large\"><img loading=\"lazy\" decoding=\"async\" width=\"1024\" height=\"768\" data-id=\"19015\" src=\"https:\/\/www.silvajardim.rj.gov.br\/wp-content\/uploads\/2023\/05\/WhatsApp-Image-2023-04-28-at-11.16.40-1024x768.jpeg\" alt=\"\" class=\"wp-image-19015\" srcset=\"https:\/\/www.silvajardim.rj.gov.br\/wp-content\/uploads\/2023\/05\/WhatsApp-Image-2023-04-28-at-11.16.40-1024x768.jpeg 1024w, https:\/\/www.silvajardim.rj.gov.br\/wp-content\/uploads\/2023\/05\/WhatsApp-Image-2023-04-28-at-11.16.40-300x225.jpeg 300w, https:\/\/www.silvajardim.rj.gov.br\/wp-content\/uploads\/2023\/05\/WhatsApp-Image-2023-04-28-at-11.16.40-768x576.jpeg 768w, https:\/\/www.silvajardim.rj.gov.br\/wp-content\/uploads\/2023\/05\/WhatsApp-Image-2023-04-28-at-11.16.40-1536x1152.jpeg 1536w, https:\/\/www.silvajardim.rj.gov.br\/wp-content\/uploads\/2023\/05\/WhatsApp-Image-2023-04-28-at-11.16.40.jpeg 1600w\" sizes=\"auto, (max-width: 1024px) 100vw, 1024px\" \/><\/figure>\n\n\n\n<figure class=\"wp-block-image size-large\"><img loading=\"lazy\" decoding=\"async\" width=\"1024\" height=\"768\" data-id=\"19018\" src=\"https:\/\/www.silvajardim.rj.gov.br\/wp-content\/uploads\/2023\/05\/WhatsApp-Image-2023-04-28-at-11.16.39-1024x768.jpeg\" alt=\"\" class=\"wp-image-19018\" srcset=\"https:\/\/www.silvajardim.rj.gov.br\/wp-content\/uploads\/2023\/05\/WhatsApp-Image-2023-04-28-at-11.16.39-1024x768.jpeg 1024w, https:\/\/www.silvajardim.rj.gov.br\/wp-content\/uploads\/2023\/05\/WhatsApp-Image-2023-04-28-at-11.16.39-300x225.jpeg 300w, https:\/\/www.silvajardim.rj.gov.br\/wp-content\/uploads\/2023\/05\/WhatsApp-Image-2023-04-28-at-11.16.39-768x576.jpeg 768w, https:\/\/www.silvajardim.rj.gov.br\/wp-content\/uploads\/2023\/05\/WhatsApp-Image-2023-04-28-at-11.16.39-1536x1152.jpeg 1536w, https:\/\/www.silvajardim.rj.gov.br\/wp-content\/uploads\/2023\/05\/WhatsApp-Image-2023-04-28-at-11.16.39.jpeg 1600w\" sizes=\"auto, (max-width: 1024px) 100vw, 1024px\" \/><\/figure>\n\n\n\n<figure class=\"wp-block-image size-large\"><img loading=\"lazy\" decoding=\"async\" width=\"1024\" height=\"768\" data-id=\"19019\" src=\"https:\/\/www.silvajardim.rj.gov.br\/wp-content\/uploads\/2023\/05\/WhatsApp-Image-2023-04-28-at-11.16.38-2-1024x768.jpeg\" alt=\"\" class=\"wp-image-19019\" srcset=\"https:\/\/www.silvajardim.rj.gov.br\/wp-content\/uploads\/2023\/05\/WhatsApp-Image-2023-04-28-at-11.16.38-2-1024x768.jpeg 1024w, https:\/\/www.silvajardim.rj.gov.br\/wp-content\/uploads\/2023\/05\/WhatsApp-Image-2023-04-28-at-11.16.38-2-300x225.jpeg 300w, https:\/\/www.silvajardim.rj.gov.br\/wp-content\/uploads\/2023\/05\/WhatsApp-Image-2023-04-28-at-11.16.38-2-768x576.jpeg 768w, https:\/\/www.silvajardim.rj.gov.br\/wp-content\/uploads\/2023\/05\/WhatsApp-Image-2023-04-28-at-11.16.38-2-1536x1152.jpeg 1536w, https:\/\/www.silvajardim.rj.gov.br\/wp-content\/uploads\/2023\/05\/WhatsApp-Image-2023-04-28-at-11.16.38-2.jpeg 1600w\" sizes=\"auto, (max-width: 1024px) 100vw, 1024px\" \/><\/figure>\n\n\n\n<figure class=\"wp-block-image size-large\"><img loading=\"lazy\" decoding=\"async\" width=\"1024\" height=\"768\" data-id=\"19016\" src=\"https:\/\/www.silvajardim.rj.gov.br\/wp-content\/uploads\/2023\/05\/WhatsApp-Image-2023-04-28-at-11.16.38-1024x768.jpeg\" alt=\"\" class=\"wp-image-19016\" srcset=\"https:\/\/www.silvajardim.rj.gov.br\/wp-content\/uploads\/2023\/05\/WhatsApp-Image-2023-04-28-at-11.16.38-1024x768.jpeg 1024w, https:\/\/www.silvajardim.rj.gov.br\/wp-content\/uploads\/2023\/05\/WhatsApp-Image-2023-04-28-at-11.16.38-300x225.jpeg 300w, https:\/\/www.silvajardim.rj.gov.br\/wp-content\/uploads\/2023\/05\/WhatsApp-Image-2023-04-28-at-11.16.38-768x576.jpeg 768w, https:\/\/www.silvajardim.rj.gov.br\/wp-content\/uploads\/2023\/05\/WhatsApp-Image-2023-04-28-at-11.16.38.jpeg 1040w\" sizes=\"auto, (max-width: 1024px) 100vw, 1024px\" \/><\/figure>\n\n\n\n<figure class=\"wp-block-image size-large\"><img loading=\"lazy\" decoding=\"async\" width=\"1024\" height=\"768\" data-id=\"19020\" src=\"https:\/\/www.silvajardim.rj.gov.br\/wp-content\/uploads\/2023\/05\/WhatsApp-Image-2023-04-28-at-11.16.37-2-1024x768.jpeg\" alt=\"\" class=\"wp-image-19020\" srcset=\"https:\/\/www.silvajardim.rj.gov.br\/wp-content\/uploads\/2023\/05\/WhatsApp-Image-2023-04-28-at-11.16.37-2-1024x768.jpeg 1024w, https:\/\/www.silvajardim.rj.gov.br\/wp-content\/uploads\/2023\/05\/WhatsApp-Image-2023-04-28-at-11.16.37-2-300x225.jpeg 300w, https:\/\/www.silvajardim.rj.gov.br\/wp-content\/uploads\/2023\/05\/WhatsApp-Image-2023-04-28-at-11.16.37-2-768x576.jpeg 768w, https:\/\/www.silvajardim.rj.gov.br\/wp-content\/uploads\/2023\/05\/WhatsApp-Image-2023-04-28-at-11.16.37-2-1536x1152.jpeg 1536w, https:\/\/www.silvajardim.rj.gov.br\/wp-content\/uploads\/2023\/05\/WhatsApp-Image-2023-04-28-at-11.16.37-2.jpeg 1600w\" sizes=\"auto, (max-width: 1024px) 100vw, 1024px\" \/><\/figure>\n\n\n\n<figure class=\"wp-block-image size-large\"><img loading=\"lazy\" decoding=\"async\" width=\"1024\" height=\"768\" data-id=\"19021\" src=\"https:\/\/www.silvajardim.rj.gov.br\/wp-content\/uploads\/2023\/05\/WhatsApp-Image-2023-04-28-at-11.16.37-1024x768.jpeg\" alt=\"\" class=\"wp-image-19021\" srcset=\"https:\/\/www.silvajardim.rj.gov.br\/wp-content\/uploads\/2023\/05\/WhatsApp-Image-2023-04-28-at-11.16.37-1024x768.jpeg 1024w, https:\/\/www.silvajardim.rj.gov.br\/wp-content\/uploads\/2023\/05\/WhatsApp-Image-2023-04-28-at-11.16.37-300x225.jpeg 300w, https:\/\/www.silvajardim.rj.gov.br\/wp-content\/uploads\/2023\/05\/WhatsApp-Image-2023-04-28-at-11.16.37-768x576.jpeg 768w, https:\/\/www.silvajardim.rj.gov.br\/wp-content\/uploads\/2023\/05\/WhatsApp-Image-2023-04-28-at-11.16.37-1536x1152.jpeg 1536w, https:\/\/www.silvajardim.rj.gov.br\/wp-content\/uploads\/2023\/05\/WhatsApp-Image-2023-04-28-at-11.16.37.jpeg 1600w\" sizes=\"auto, (max-width: 1024px) 100vw, 1024px\" \/><\/figure>\n\n\n\n<figure class=\"wp-block-image size-large\"><img loading=\"lazy\" decoding=\"async\" width=\"1024\" height=\"768\" data-id=\"19022\" src=\"https:\/\/www.silvajardim.rj.gov.br\/wp-content\/uploads\/2023\/05\/WhatsApp-Image-2023-04-28-at-11.16.36-1024x768.jpeg\" alt=\"\" class=\"wp-image-19022\" srcset=\"https:\/\/www.silvajardim.rj.gov.br\/wp-content\/uploads\/2023\/05\/WhatsApp-Image-2023-04-28-at-11.16.36-1024x768.jpeg 1024w, https:\/\/www.silvajardim.rj.gov.br\/wp-content\/uploads\/2023\/05\/WhatsApp-Image-2023-04-28-at-11.16.36-300x225.jpeg 300w, https:\/\/www.silvajardim.rj.gov.br\/wp-content\/uploads\/2023\/05\/WhatsApp-Image-2023-04-28-at-11.16.36-768x576.jpeg 768w, https:\/\/www.silvajardim.rj.gov.br\/wp-content\/uploads\/2023\/05\/WhatsApp-Image-2023-04-28-at-11.16.36-1536x1152.jpeg 1536w, https:\/\/www.silvajardim.rj.gov.br\/wp-content\/uploads\/2023\/05\/WhatsApp-Image-2023-04-28-at-11.16.36.jpeg 1600w\" sizes=\"auto, (max-width: 1024px) 100vw, 1024px\" \/><\/figure>\n\n\n\n<figure class=\"wp-block-image size-large\"><img loading=\"lazy\" decoding=\"async\" width=\"1024\" height=\"768\" data-id=\"19023\" src=\"https:\/\/www.silvajardim.rj.gov.br\/wp-content\/uploads\/2023\/05\/WhatsApp-Image-2023-04-28-at-11.16.34-1024x768.jpeg\" alt=\"\" class=\"wp-image-19023\" srcset=\"https:\/\/www.silvajardim.rj.gov.br\/wp-content\/uploads\/2023\/05\/WhatsApp-Image-2023-04-28-at-11.16.34-1024x768.jpeg 1024w, https:\/\/www.silvajardim.rj.gov.br\/wp-content\/uploads\/2023\/05\/WhatsApp-Image-2023-04-28-at-11.16.34-300x225.jpeg 300w, https:\/\/www.silvajardim.rj.gov.br\/wp-content\/uploads\/2023\/05\/WhatsApp-Image-2023-04-28-at-11.16.34-768x576.jpeg 768w, https:\/\/www.silvajardim.rj.gov.br\/wp-content\/uploads\/2023\/05\/WhatsApp-Image-2023-04-28-at-11.16.34-1536x1152.jpeg 1536w, https:\/\/www.silvajardim.rj.gov.br\/wp-content\/uploads\/2023\/05\/WhatsApp-Image-2023-04-28-at-11.16.34.jpeg 1600w\" sizes=\"auto, (max-width: 1024px) 100vw, 1024px\" \/><\/figure>\n<\/figure>\n","protected":false},"excerpt":{"rendered":"<p>A Secret\u00e1ria Municipal de Sa\u00fade e Assist\u00eancia Social, em parceria com a Secretaria Municipal de Educa\u00e7\u00e3o, realizou neste m\u00eas de<\/p>\n","protected":false},"author":3,"featured_media":19017,"comment_status":"open","ping_status":"open","sticky":false,"template":"","format":"standard","meta":{"_mi_skip_tracking":false,"footnotes":""},"categories":[1],"tags":[],"class_list":["post-19013","post","type-post","status-publish","format-standard","has-post-thumbnail","hentry","category-sem-categoria"],"_links":{"self":[{"href":"https:\/\/www.silvajardim.rj.gov.br\/index.php\/wp-json\/wp\/v2\/posts\/19013","targetHints":{"allow":["GET"]}}],"collection":[{"href":"https:\/\/www.silvajardim.rj.gov.br\/index.php\/wp-json\/wp\/v2\/posts"}],"about":[{"href":"https:\/\/www.silvajardim.rj.gov.br\/index.php\/wp-json\/wp\/v2\/types\/post"}],"author":[{"embeddable":true,"href":"https:\/\/www.silvajardim.rj.gov.br\/index.php\/wp-json\/wp\/v2\/users\/3"}],"replies":[{"embeddable":true,"href":"https:\/\/www.silvajardim.rj.gov.br\/index.php\/wp-json\/wp\/v2\/comments?post=19013"}],"version-history":[{"count":1,"href":"https:\/\/www.silvajardim.rj.gov.br\/index.php\/wp-json\/wp\/v2\/posts\/19013\/revisions"}],"predecessor-version":[{"id":19024,"href":"https:\/\/www.silvajardim.rj.gov.br\/index.php\/wp-json\/wp\/v2\/posts\/19013\/revisions\/19024"}],"wp:featuredmedia":[{"embeddable":true,"href":"https:\/\/www.silvajardim.rj.gov.br\/index.php\/wp-json\/wp\/v2\/media\/19017"}],"wp:attachment":[{"href":"https:\/\/www.silvajardim.rj.gov.br\/index.php\/wp-json\/wp\/v2\/media?parent=19013"}],"wp:term":[{"taxonomy":"category","embeddable":true,"href":"https:\/\/www.silvajardim.rj.gov.br\/index.php\/wp-json\/wp\/v2\/categories?post=19013"},{"taxonomy":"post_tag","embeddable":true,"href":"https:\/\/www.silvajardim.rj.gov.br\/index.php\/wp-json\/wp\/v2\/tags?post=19013"}],"curies":[{"name":"wp","href":"https:\/\/api.w.org\/{rel}","templated":true}]}}