{"id":1908,"date":"2019-07-25T18:16:01","date_gmt":"2019-07-25T21:16:01","guid":{"rendered":"https:\/\/www.silvajardim.rj.gov.br\/?p=1908"},"modified":"2019-07-25T18:16:01","modified_gmt":"2019-07-25T21:16:01","slug":"acoes-sociais-marcam-semana-missionaria-em-silva-jardim","status":"publish","type":"post","link":"https:\/\/www.silvajardim.rj.gov.br\/index.php\/2019\/07\/25\/acoes-sociais-marcam-semana-missionaria-em-silva-jardim\/","title":{"rendered":"A\u00e7\u00f5es Sociais marcam semana Mission\u00e1ria em Silva Jardim"},"content":{"rendered":"\n<figure class=\"wp-block-image\"><img decoding=\"async\" src=\"https:\/\/www.silvajardim.rj.gov.br\/wp-content\/uploads\/2019\/07\/037431D8-81BF-4648-86A0-8AC41505260F.jpeg\" alt=\"\" class=\"wp-image-1909\"\/><figcaption> <\/figcaption><\/figure>\n\n\n\n<p>\nA Par\u00f3quia Nossa Senhora da Lapa, em parceria com a Secretaria Municipal\n de Sa\u00fade e Assist\u00eancia Social, est\u00e1 realizando a Semana Mission\u00e1ria, em\n Silva Jardim. Jovens est\u00e3o realizando, em seu per\u00edodo de f\u00e9rias, \nvisitas \u00e0s casas e a\u00e7\u00f5es sociais.<br> \nNa tarde desta quinta-feira (25), na Par\u00f3quia Nossa Senhora da Lapa, \nforam realizados atendimentos com dentistas, no odontom\u00f3vel que est\u00e1 no \np\u00e1tio da par\u00f3quia, aferi\u00e7\u00e3o de press\u00e3o e glicose, recrea\u00e7\u00e3o com crian\u00e7as\n e instru\u00e7\u00f5es de higiene bucal, al\u00e9m de escova\u00e7\u00e3o dental e aplica\u00e7\u00e3o de \nfl\u00faor.<br> As a\u00e7\u00f5es ser\u00e3o encerradas no\n pr\u00f3ximo domingo (28), das 8h as 12h, com uma a\u00e7\u00e3o social no Espa\u00e7o \nCultura e Lazer Paulo Rodrigues Alexandre. No local, ter\u00e1 corte de \ncabelo, recrea\u00e7\u00e3o com crian\u00e7as, instru\u00e7\u00f5es de higiene bucal, aferi\u00e7\u00e3o de\n press\u00e3o e glicose.\n\n<\/p>\n\n\n\n<figure class=\"wp-block-image\"><img decoding=\"async\" src=\"https:\/\/www.silvajardim.rj.gov.br\/wp-content\/uploads\/2019\/07\/5FE2A61D-7BF8-4784-9886-3E6B3C40362A.jpeg\" alt=\"\" class=\"wp-image-1910\"\/><\/figure>\n\n\n\n<figure class=\"wp-block-image\"><img decoding=\"async\" src=\"https:\/\/www.silvajardim.rj.gov.br\/wp-content\/uploads\/2019\/07\/E110BE14-D758-439C-8DF8-13B68866D493.jpeg\" alt=\"\" class=\"wp-image-1911\"\/><\/figure>\n\n\n\n<figure class=\"wp-block-image\"><img decoding=\"async\" src=\"https:\/\/www.silvajardim.rj.gov.br\/wp-content\/uploads\/2019\/07\/F24445CA-5B77-4A83-8C52-B179E98EEBCF.jpeg\" alt=\"\" class=\"wp-image-1912\"\/><\/figure>\n\n\n\n<figure class=\"wp-block-image\"><img decoding=\"async\" src=\"https:\/\/www.silvajardim.rj.gov.br\/wp-content\/uploads\/2019\/07\/DCE361B1-4987-4816-B649-D7AAB9CE3941.jpeg\" alt=\"\" class=\"wp-image-1913\"\/><\/figure>\n","protected":false},"excerpt":{"rendered":"<p>A Par\u00f3quia Nossa Senhora da Lapa, em parceria com a Secretaria Municipal de Sa\u00fade e Assist\u00eancia Social, est\u00e1 realizando a<\/p>\n","protected":false},"author":1,"featured_media":1909,"comment_status":"closed","ping_status":"closed","sticky":false,"template":"","format":"standard","meta":{"_mi_skip_tracking":false,"footnotes":""},"categories":[273,275],"tags":[],"class_list":["post-1908","post","type-post","status-publish","format-standard","has-post-thumbnail","hentry","category-prefeitura","category-saude"],"_links":{"self":[{"href":"https:\/\/www.silvajardim.rj.gov.br\/index.php\/wp-json\/wp\/v2\/posts\/1908","targetHints":{"allow":["GET"]}}],"collection":[{"href":"https:\/\/www.silvajardim.rj.gov.br\/index.php\/wp-json\/wp\/v2\/posts"}],"about":[{"href":"https:\/\/www.silvajardim.rj.gov.br\/index.php\/wp-json\/wp\/v2\/types\/post"}],"author":[{"embeddable":true,"href":"https:\/\/www.silvajardim.rj.gov.br\/index.php\/wp-json\/wp\/v2\/users\/1"}],"replies":[{"embeddable":true,"href":"https:\/\/www.silvajardim.rj.gov.br\/index.php\/wp-json\/wp\/v2\/comments?post=1908"}],"version-history":[{"count":0,"href":"https:\/\/www.silvajardim.rj.gov.br\/index.php\/wp-json\/wp\/v2\/posts\/1908\/revisions"}],"wp:featuredmedia":[{"embeddable":true,"href":"https:\/\/www.silvajardim.rj.gov.br\/index.php\/wp-json\/"}],"wp:attachment":[{"href":"https:\/\/www.silvajardim.rj.gov.br\/index.php\/wp-json\/wp\/v2\/media?parent=1908"}],"wp:term":[{"taxonomy":"category","embeddable":true,"href":"https:\/\/www.silvajardim.rj.gov.br\/index.php\/wp-json\/wp\/v2\/categories?post=1908"},{"taxonomy":"post_tag","embeddable":true,"href":"https:\/\/www.silvajardim.rj.gov.br\/index.php\/wp-json\/wp\/v2\/tags?post=1908"}],"curies":[{"name":"wp","href":"https:\/\/api.w.org\/{rel}","templated":true}]}}