{"id":19227,"date":"2023-05-11T17:05:35","date_gmt":"2023-05-11T20:05:35","guid":{"rendered":"https:\/\/www.silvajardim.rj.gov.br\/?p=19227"},"modified":"2023-05-11T17:05:37","modified_gmt":"2023-05-11T20:05:37","slug":"primeira-consulta-publica-para-o-mapeamento-da-lei-paulo-gustavo","status":"publish","type":"post","link":"https:\/\/www.silvajardim.rj.gov.br\/index.php\/2023\/05\/11\/primeira-consulta-publica-para-o-mapeamento-da-lei-paulo-gustavo\/","title":{"rendered":"PRIMEIRA CONSULTA P\u00daBLICA PARA O MAPEAMENTO DA LEI PAULO GUSTAVO"},"content":{"rendered":"\n<p>A Prefeitura de Silva Jardim, atrav\u00e9s da Secretaria de Turismo, Ind\u00fastria, Com\u00e9rcio, Cultura, Esporte e Lazer convida a sociedade civil, principalmente os fazedores de cultura da cidade, para contribu\u00edrem com o Mapeamento da Lei Paulo Gustavo, que trata-se da PRIMEIRA consulta p\u00fablica com intuito de levantar informa\u00e7\u00f5es e indicadores que subsidiem a constru\u00e7\u00e3o do Plano de A\u00e7\u00e3o para a execu\u00e7\u00e3o da Lei no munic\u00edpio.<\/p>\n\n\n\n<p>A contribui\u00e7\u00e3o pode se dar atrav\u00e9s do preenchimento deste question\u00e1rio por pessoas f\u00edsicas, jur\u00eddicas e demais organiza\u00e7\u00f5es (atuantes no setor cultural) e com o envio de sugest\u00f5es e ideias. Como primeira etapa do processo, a consulta ficar\u00e1 aberta entre os dias 11 de maio a 25 de maio de 2023.&nbsp;<\/p>\n\n\n\n<p>A Lei Paulo Gustavo (Lei Complementar n\u00ba 195, de 8 de julho de 2022) foi pensada com o objetivo de apoiar fazedores de cultura diante dos desafios impostos pela pandemia de Covid-19.<\/p>\n\n\n\n<p>Lei Paulo Gustavo (Lei Complementar n\u00ba 195, de 8 de julho de 2022) na integra:&nbsp;<a href=\"https:\/\/www.planalto.gov.br\/ccivil_03\/leis\/lcp\/lcp195.htm\">https:\/\/www.planalto.gov.br\/ccivil_03\/leis\/lcp\/lcp195.htm<\/a><\/p>\n\n\n\n<p>Link do Formul\u00e1rio da Consulta P\u00fablica para preenchimento:<\/p>\n\n\n\n<p><a href=\"https:\/\/docs.google.com\/forms\/d\/e\/1FAIpQLSd4KEZHiHknZLSAT3M0wjXwy4YULXfKw0omO-ep7ijND_dXLA\/viewform?usp=sf_link\">https:\/\/docs.google.com\/forms\/d\/e\/1FAIpQLSd4KEZHiHknZLSAT3M0wjXwy4YULXfKw0omO-ep7ijND_dXLA\/viewform?usp=sf_link<\/a><\/p>\n\n\n\n<p>Estamos cumprindo metas e avan\u00e7ando!<\/p>\n\n\n\n<figure class=\"wp-block-image size-large\"><img loading=\"lazy\" decoding=\"async\" width=\"1024\" height=\"1024\" src=\"https:\/\/www.silvajardim.rj.gov.br\/wp-content\/uploads\/2023\/05\/WhatsApp-Image-2023-05-11-at-17.01.23-1024x1024.jpeg\" alt=\"\" class=\"wp-image-19228\" srcset=\"https:\/\/www.silvajardim.rj.gov.br\/wp-content\/uploads\/2023\/05\/WhatsApp-Image-2023-05-11-at-17.01.23-1024x1024.jpeg 1024w, https:\/\/www.silvajardim.rj.gov.br\/wp-content\/uploads\/2023\/05\/WhatsApp-Image-2023-05-11-at-17.01.23-300x300.jpeg 300w, https:\/\/www.silvajardim.rj.gov.br\/wp-content\/uploads\/2023\/05\/WhatsApp-Image-2023-05-11-at-17.01.23-150x150.jpeg 150w, https:\/\/www.silvajardim.rj.gov.br\/wp-content\/uploads\/2023\/05\/WhatsApp-Image-2023-05-11-at-17.01.23-768x768.jpeg 768w, https:\/\/www.silvajardim.rj.gov.br\/wp-content\/uploads\/2023\/05\/WhatsApp-Image-2023-05-11-at-17.01.23-1536x1536.jpeg 1536w, https:\/\/www.silvajardim.rj.gov.br\/wp-content\/uploads\/2023\/05\/WhatsApp-Image-2023-05-11-at-17.01.23.jpeg 1600w\" sizes=\"auto, (max-width: 1024px) 100vw, 1024px\" \/><\/figure>\n","protected":false},"excerpt":{"rendered":"<p>A Prefeitura de Silva Jardim, atrav\u00e9s da Secretaria de Turismo, Ind\u00fastria, Com\u00e9rcio, Cultura, Esporte e Lazer convida a sociedade civil,<\/p>\n","protected":false},"author":3,"featured_media":19228,"comment_status":"open","ping_status":"open","sticky":false,"template":"","format":"standard","meta":{"_mi_skip_tracking":false,"footnotes":""},"categories":[1],"tags":[],"class_list":["post-19227","post","type-post","status-publish","format-standard","has-post-thumbnail","hentry","category-sem-categoria"],"_links":{"self":[{"href":"https:\/\/www.silvajardim.rj.gov.br\/index.php\/wp-json\/wp\/v2\/posts\/19227","targetHints":{"allow":["GET"]}}],"collection":[{"href":"https:\/\/www.silvajardim.rj.gov.br\/index.php\/wp-json\/wp\/v2\/posts"}],"about":[{"href":"https:\/\/www.silvajardim.rj.gov.br\/index.php\/wp-json\/wp\/v2\/types\/post"}],"author":[{"embeddable":true,"href":"https:\/\/www.silvajardim.rj.gov.br\/index.php\/wp-json\/wp\/v2\/users\/3"}],"replies":[{"embeddable":true,"href":"https:\/\/www.silvajardim.rj.gov.br\/index.php\/wp-json\/wp\/v2\/comments?post=19227"}],"version-history":[{"count":1,"href":"https:\/\/www.silvajardim.rj.gov.br\/index.php\/wp-json\/wp\/v2\/posts\/19227\/revisions"}],"predecessor-version":[{"id":19229,"href":"https:\/\/www.silvajardim.rj.gov.br\/index.php\/wp-json\/wp\/v2\/posts\/19227\/revisions\/19229"}],"wp:featuredmedia":[{"embeddable":true,"href":"https:\/\/www.silvajardim.rj.gov.br\/index.php\/wp-json\/wp\/v2\/media\/19228"}],"wp:attachment":[{"href":"https:\/\/www.silvajardim.rj.gov.br\/index.php\/wp-json\/wp\/v2\/media?parent=19227"}],"wp:term":[{"taxonomy":"category","embeddable":true,"href":"https:\/\/www.silvajardim.rj.gov.br\/index.php\/wp-json\/wp\/v2\/categories?post=19227"},{"taxonomy":"post_tag","embeddable":true,"href":"https:\/\/www.silvajardim.rj.gov.br\/index.php\/wp-json\/wp\/v2\/tags?post=19227"}],"curies":[{"name":"wp","href":"https:\/\/api.w.org\/{rel}","templated":true}]}}