{"id":1924,"date":"2019-07-26T11:37:47","date_gmt":"2019-07-26T14:37:47","guid":{"rendered":"https:\/\/www.silvajardim.rj.gov.br\/?p=1924"},"modified":"2019-07-26T11:37:47","modified_gmt":"2019-07-26T14:37:47","slug":"sebrae-e-secretaria-de-fazenda-promovem-seminario-de-vendas-em-silva-jardim","status":"publish","type":"post","link":"https:\/\/www.silvajardim.rj.gov.br\/index.php\/2019\/07\/26\/sebrae-e-secretaria-de-fazenda-promovem-seminario-de-vendas-em-silva-jardim\/","title":{"rendered":"Sebrae e Secretaria de Fazenda promovem Semin\u00e1rio de Vendas em Silva Jardim"},"content":{"rendered":"\n<figure class=\"wp-block-image\"><img decoding=\"async\" src=\"https:\/\/www.silvajardim.rj.gov.br\/wp-content\/uploads\/2019\/07\/2C120A4D-9277-4C99-8B94-F93BA8687D07.jpeg\" alt=\"\" class=\"wp-image-1926\"\/><figcaption> <\/figcaption><\/figure>\n\n\n\n<p class=\"texto-justificado\">\nA Prefeitura de Silva Jardim, atrav\u00e9s da Secretaria Municipal de \nFazenda, em parceria com o Servi\u00e7o Brasileiro de Apoio \u00e0s Micro e \nPequenas Empresas (SEBRAE), promoveu na noite da \u00faltima quinta-feira \n(25), o Semin\u00e1rio de Vendas, onde foram apresentadas algumas t\u00e9cnicas e \nferramentas para ajudar a potencializar a figura do vendedor, aumentando\n a sua percep\u00e7\u00e3o e ampliando suas t\u00e9cnicas de vendas. <br>\n A apresenta\u00e7\u00e3o do semin\u00e1rio foi feita pelos palestrantes Iuri Jos\u00e9 de \nAlmeida e Mirella Marchito Cond\u00e9, ambos consultores do SEBRAE. O evento \nfoi realizado no Teatro Zez\u00e9 Macedo, no centro da cidade. Ao todo, 115 \npessoas prestigiaram o evento, que contou ainda com as presen\u00e7as do \nAnalista do SEBRAE, Ronald Silveira e do Secret\u00e1rio Municipal de \nFazenda, Leandro Antunes.<br> (Fotos: Lucas Rocha)\n\n<\/p>\n\n\n\n<figure class=\"wp-block-image\"><img decoding=\"async\" src=\"https:\/\/www.silvajardim.rj.gov.br\/wp-content\/uploads\/2019\/07\/C7C3CA96-26C5-478E-A544-173574C1EA83.jpeg\" alt=\"\" class=\"wp-image-1927\"\/><\/figure>\n\n\n\n<figure class=\"wp-block-image\"><img decoding=\"async\" src=\"https:\/\/www.silvajardim.rj.gov.br\/wp-content\/uploads\/2019\/07\/3F4C28D7-1BE3-4363-A429-599F0E2E10D0.jpeg\" alt=\"\" class=\"wp-image-1928\"\/><\/figure>\n\n\n\n<figure class=\"wp-block-image\"><img decoding=\"async\" src=\"https:\/\/www.silvajardim.rj.gov.br\/wp-content\/uploads\/2019\/07\/99108E98-13A9-441F-B4FE-3A4FAE6D1A99.jpeg\" alt=\"\" class=\"wp-image-1929\"\/><\/figure>\n\n\n\n<figure class=\"wp-block-image\"><img decoding=\"async\" src=\"https:\/\/www.silvajardim.rj.gov.br\/wp-content\/uploads\/2019\/07\/45CCA81B-2D6D-4A23-AA53-2B6885E74B18.jpeg\" alt=\"\" class=\"wp-image-1930\"\/><\/figure>\n\n\n\n<figure class=\"wp-block-image\"><img decoding=\"async\" src=\"https:\/\/www.silvajardim.rj.gov.br\/wp-content\/uploads\/2019\/07\/6396A1DC-B8D6-4CED-94B3-63384E257003.jpeg\" alt=\"\" class=\"wp-image-1931\"\/><\/figure>\n","protected":false},"excerpt":{"rendered":"<p>A Prefeitura de Silva Jardim, atrav\u00e9s da Secretaria Municipal de Fazenda, em parceria com o Servi\u00e7o Brasileiro de Apoio \u00e0s<\/p>\n","protected":false},"author":1,"featured_media":1930,"comment_status":"closed","ping_status":"closed","sticky":false,"template":"","format":"standard","meta":{"_mi_skip_tracking":false,"footnotes":""},"categories":[289,273],"tags":[],"class_list":["post-1924","post","type-post","status-publish","format-standard","has-post-thumbnail","hentry","category-fazenda","category-prefeitura"],"_links":{"self":[{"href":"https:\/\/www.silvajardim.rj.gov.br\/index.php\/wp-json\/wp\/v2\/posts\/1924","targetHints":{"allow":["GET"]}}],"collection":[{"href":"https:\/\/www.silvajardim.rj.gov.br\/index.php\/wp-json\/wp\/v2\/posts"}],"about":[{"href":"https:\/\/www.silvajardim.rj.gov.br\/index.php\/wp-json\/wp\/v2\/types\/post"}],"author":[{"embeddable":true,"href":"https:\/\/www.silvajardim.rj.gov.br\/index.php\/wp-json\/wp\/v2\/users\/1"}],"replies":[{"embeddable":true,"href":"https:\/\/www.silvajardim.rj.gov.br\/index.php\/wp-json\/wp\/v2\/comments?post=1924"}],"version-history":[{"count":0,"href":"https:\/\/www.silvajardim.rj.gov.br\/index.php\/wp-json\/wp\/v2\/posts\/1924\/revisions"}],"wp:featuredmedia":[{"embeddable":true,"href":"https:\/\/www.silvajardim.rj.gov.br\/index.php\/wp-json\/"}],"wp:attachment":[{"href":"https:\/\/www.silvajardim.rj.gov.br\/index.php\/wp-json\/wp\/v2\/media?parent=1924"}],"wp:term":[{"taxonomy":"category","embeddable":true,"href":"https:\/\/www.silvajardim.rj.gov.br\/index.php\/wp-json\/wp\/v2\/categories?post=1924"},{"taxonomy":"post_tag","embeddable":true,"href":"https:\/\/www.silvajardim.rj.gov.br\/index.php\/wp-json\/wp\/v2\/tags?post=1924"}],"curies":[{"name":"wp","href":"https:\/\/api.w.org\/{rel}","templated":true}]}}