{"id":19265,"date":"2023-05-17T12:52:20","date_gmt":"2023-05-17T15:52:20","guid":{"rendered":"https:\/\/www.silvajardim.rj.gov.br\/?p=19265"},"modified":"2023-05-17T12:52:21","modified_gmt":"2023-05-17T15:52:21","slug":"municipio-de-silva-jardim-participa-do-fortrab","status":"publish","type":"post","link":"https:\/\/www.silvajardim.rj.gov.br\/index.php\/2023\/05\/17\/municipio-de-silva-jardim-participa-do-fortrab\/","title":{"rendered":"MUNIC\u00cdPIO DE SILVA JARDIM PARTICIPA DO FORTRAB"},"content":{"rendered":"\n<p>O munic\u00edpio de Silva Jardim, atrav\u00e9s da Secretaria Municipal de Trabalho, Habita\u00e7\u00e3o e Promo\u00e7\u00e3o Social, foi representado no F\u00f3rum Fluminense de Secret\u00e1rios e Gestores de Trabalho (FORTRAB), que foi realizado na \u00faltima sexta-feira (12), no Planet\u00e1rio, na cidade do Rio de Janeiro. O evento reuniu secret\u00e1rios, gestores municipais e estaduais.<\/p>\n\n\n\n<p>Durante a programa\u00e7\u00e3o do FORTRAB, aconteceram debates entre os secret\u00e1rios e gestores da \u00e1rea para troca de experi\u00eancias e indica\u00e7\u00f5es voltadas para fomentar a empregabilidade nos munic\u00edpios fluminenses. Ao final do evento, foi redigida e votada a Carta do Planet\u00e1rio, que ser\u00e1 destinada aos \u00f3rg\u00e3os estaduais e federais com propostas para otimizar procedimentos que proporcionem a gera\u00e7\u00e3o de empregos.<\/p>\n\n\n\n<p>Na ocasi\u00e3o, estiveram presentes a Secret\u00e1ria de Trabalho, Habita\u00e7\u00e3o e Promo\u00e7\u00e3o Social Alessandra Ferreira (Dinha), a Subsecret\u00e1ria de Trabalho, Habita\u00e7\u00e3o e Promo\u00e7\u00e3o Social Isabela Mello, e a funcion\u00e1ria Ana F\u00e1tima Carvalho.<\/p>\n\n\n\n<p>A Subsecret\u00e1ria Isabela Mello, destaca que o evento foi de suma import\u00e2ncia para a troca de experi\u00eancias das expertises em pol\u00edticas p\u00fablicas voltadas para fomentar a qualifica\u00e7\u00e3o profissional e o emprego. \u201c\u00c9 a primeira edi\u00e7\u00e3o do F\u00f3rum Fluminense de Trabalho que acontece e temos como miss\u00e3o a busca por parcerias com empresas de qualifica\u00e7\u00e3o profissional e com empregadores para viabilizar a gera\u00e7\u00e3o de oportunidades de empregos na nossa cidade\u201d, pontua a Subsecret\u00e1ria.<\/p>\n\n\n\n<p>Estamos cumprindo metas e avan\u00e7ando!<\/p>\n\n\n\n<figure class=\"wp-block-gallery has-nested-images columns-default is-cropped wp-block-gallery-1 is-layout-flex wp-block-gallery-is-layout-flex\">\n<figure class=\"wp-block-image size-large\"><img loading=\"lazy\" decoding=\"async\" width=\"1024\" height=\"748\" data-id=\"19267\" src=\"https:\/\/www.silvajardim.rj.gov.br\/wp-content\/uploads\/2023\/05\/WhatsApp-Image-2023-05-15-at-16.12.32-3-1024x748.jpeg\" alt=\"\" class=\"wp-image-19267\" srcset=\"https:\/\/www.silvajardim.rj.gov.br\/wp-content\/uploads\/2023\/05\/WhatsApp-Image-2023-05-15-at-16.12.32-3-1024x748.jpeg 1024w, https:\/\/www.silvajardim.rj.gov.br\/wp-content\/uploads\/2023\/05\/WhatsApp-Image-2023-05-15-at-16.12.32-3-300x219.jpeg 300w, https:\/\/www.silvajardim.rj.gov.br\/wp-content\/uploads\/2023\/05\/WhatsApp-Image-2023-05-15-at-16.12.32-3-768x561.jpeg 768w, https:\/\/www.silvajardim.rj.gov.br\/wp-content\/uploads\/2023\/05\/WhatsApp-Image-2023-05-15-at-16.12.32-3.jpeg 1080w\" sizes=\"auto, (max-width: 1024px) 100vw, 1024px\" \/><\/figure>\n\n\n\n<figure class=\"wp-block-image size-large\"><img loading=\"lazy\" decoding=\"async\" width=\"1024\" height=\"678\" data-id=\"19266\" src=\"https:\/\/www.silvajardim.rj.gov.br\/wp-content\/uploads\/2023\/05\/WhatsApp-Image-2023-05-15-at-16.12.32-2-1024x678.jpeg\" alt=\"\" class=\"wp-image-19266\" srcset=\"https:\/\/www.silvajardim.rj.gov.br\/wp-content\/uploads\/2023\/05\/WhatsApp-Image-2023-05-15-at-16.12.32-2-1024x678.jpeg 1024w, https:\/\/www.silvajardim.rj.gov.br\/wp-content\/uploads\/2023\/05\/WhatsApp-Image-2023-05-15-at-16.12.32-2-300x199.jpeg 300w, https:\/\/www.silvajardim.rj.gov.br\/wp-content\/uploads\/2023\/05\/WhatsApp-Image-2023-05-15-at-16.12.32-2-768x508.jpeg 768w, https:\/\/www.silvajardim.rj.gov.br\/wp-content\/uploads\/2023\/05\/WhatsApp-Image-2023-05-15-at-16.12.32-2-1536x1017.jpeg 1536w, https:\/\/www.silvajardim.rj.gov.br\/wp-content\/uploads\/2023\/05\/WhatsApp-Image-2023-05-15-at-16.12.32-2.jpeg 1600w\" sizes=\"auto, (max-width: 1024px) 100vw, 1024px\" \/><\/figure>\n\n\n\n<figure class=\"wp-block-image size-large\"><img loading=\"lazy\" decoding=\"async\" width=\"1024\" height=\"678\" data-id=\"19268\" src=\"https:\/\/www.silvajardim.rj.gov.br\/wp-content\/uploads\/2023\/05\/WhatsApp-Image-2023-05-15-at-16.12.32-1-1024x678.jpeg\" alt=\"\" class=\"wp-image-19268\" srcset=\"https:\/\/www.silvajardim.rj.gov.br\/wp-content\/uploads\/2023\/05\/WhatsApp-Image-2023-05-15-at-16.12.32-1-1024x678.jpeg 1024w, https:\/\/www.silvajardim.rj.gov.br\/wp-content\/uploads\/2023\/05\/WhatsApp-Image-2023-05-15-at-16.12.32-1-300x199.jpeg 300w, https:\/\/www.silvajardim.rj.gov.br\/wp-content\/uploads\/2023\/05\/WhatsApp-Image-2023-05-15-at-16.12.32-1-768x508.jpeg 768w, https:\/\/www.silvajardim.rj.gov.br\/wp-content\/uploads\/2023\/05\/WhatsApp-Image-2023-05-15-at-16.12.32-1-1536x1017.jpeg 1536w, https:\/\/www.silvajardim.rj.gov.br\/wp-content\/uploads\/2023\/05\/WhatsApp-Image-2023-05-15-at-16.12.32-1.jpeg 1600w\" sizes=\"auto, (max-width: 1024px) 100vw, 1024px\" \/><\/figure>\n\n\n\n<figure class=\"wp-block-image size-large\"><img loading=\"lazy\" decoding=\"async\" width=\"1024\" height=\"683\" data-id=\"19269\" src=\"https:\/\/www.silvajardim.rj.gov.br\/wp-content\/uploads\/2023\/05\/WhatsApp-Image-2023-05-15-at-16.12.32-1024x683.jpeg\" alt=\"\" class=\"wp-image-19269\" srcset=\"https:\/\/www.silvajardim.rj.gov.br\/wp-content\/uploads\/2023\/05\/WhatsApp-Image-2023-05-15-at-16.12.32-1024x683.jpeg 1024w, https:\/\/www.silvajardim.rj.gov.br\/wp-content\/uploads\/2023\/05\/WhatsApp-Image-2023-05-15-at-16.12.32-300x200.jpeg 300w, https:\/\/www.silvajardim.rj.gov.br\/wp-content\/uploads\/2023\/05\/WhatsApp-Image-2023-05-15-at-16.12.32-768x512.jpeg 768w, https:\/\/www.silvajardim.rj.gov.br\/wp-content\/uploads\/2023\/05\/WhatsApp-Image-2023-05-15-at-16.12.32.jpeg 1200w\" sizes=\"auto, (max-width: 1024px) 100vw, 1024px\" \/><\/figure>\n\n\n\n<figure class=\"wp-block-image size-large\"><img loading=\"lazy\" decoding=\"async\" width=\"1024\" height=\"682\" data-id=\"19270\" src=\"https:\/\/www.silvajardim.rj.gov.br\/wp-content\/uploads\/2023\/05\/WhatsApp-Image-2023-05-15-at-16.12.30-1024x682.jpeg\" alt=\"\" class=\"wp-image-19270\" srcset=\"https:\/\/www.silvajardim.rj.gov.br\/wp-content\/uploads\/2023\/05\/WhatsApp-Image-2023-05-15-at-16.12.30-1024x682.jpeg 1024w, https:\/\/www.silvajardim.rj.gov.br\/wp-content\/uploads\/2023\/05\/WhatsApp-Image-2023-05-15-at-16.12.30-300x200.jpeg 300w, https:\/\/www.silvajardim.rj.gov.br\/wp-content\/uploads\/2023\/05\/WhatsApp-Image-2023-05-15-at-16.12.30-768x512.jpeg 768w, https:\/\/www.silvajardim.rj.gov.br\/wp-content\/uploads\/2023\/05\/WhatsApp-Image-2023-05-15-at-16.12.30.jpeg 1193w\" sizes=\"auto, (max-width: 1024px) 100vw, 1024px\" \/><\/figure>\n<\/figure>\n","protected":false},"excerpt":{"rendered":"<p>O munic\u00edpio de Silva Jardim, atrav\u00e9s da Secretaria Municipal de Trabalho, Habita\u00e7\u00e3o e Promo\u00e7\u00e3o Social, foi representado no F\u00f3rum Fluminense<\/p>\n","protected":false},"author":3,"featured_media":19267,"comment_status":"open","ping_status":"open","sticky":false,"template":"","format":"standard","meta":{"_mi_skip_tracking":false,"footnotes":""},"categories":[1],"tags":[],"class_list":["post-19265","post","type-post","status-publish","format-standard","has-post-thumbnail","hentry","category-sem-categoria"],"_links":{"self":[{"href":"https:\/\/www.silvajardim.rj.gov.br\/index.php\/wp-json\/wp\/v2\/posts\/19265","targetHints":{"allow":["GET"]}}],"collection":[{"href":"https:\/\/www.silvajardim.rj.gov.br\/index.php\/wp-json\/wp\/v2\/posts"}],"about":[{"href":"https:\/\/www.silvajardim.rj.gov.br\/index.php\/wp-json\/wp\/v2\/types\/post"}],"author":[{"embeddable":true,"href":"https:\/\/www.silvajardim.rj.gov.br\/index.php\/wp-json\/wp\/v2\/users\/3"}],"replies":[{"embeddable":true,"href":"https:\/\/www.silvajardim.rj.gov.br\/index.php\/wp-json\/wp\/v2\/comments?post=19265"}],"version-history":[{"count":1,"href":"https:\/\/www.silvajardim.rj.gov.br\/index.php\/wp-json\/wp\/v2\/posts\/19265\/revisions"}],"predecessor-version":[{"id":19271,"href":"https:\/\/www.silvajardim.rj.gov.br\/index.php\/wp-json\/wp\/v2\/posts\/19265\/revisions\/19271"}],"wp:featuredmedia":[{"embeddable":true,"href":"https:\/\/www.silvajardim.rj.gov.br\/index.php\/wp-json\/wp\/v2\/media\/19267"}],"wp:attachment":[{"href":"https:\/\/www.silvajardim.rj.gov.br\/index.php\/wp-json\/wp\/v2\/media?parent=19265"}],"wp:term":[{"taxonomy":"category","embeddable":true,"href":"https:\/\/www.silvajardim.rj.gov.br\/index.php\/wp-json\/wp\/v2\/categories?post=19265"},{"taxonomy":"post_tag","embeddable":true,"href":"https:\/\/www.silvajardim.rj.gov.br\/index.php\/wp-json\/wp\/v2\/tags?post=19265"}],"curies":[{"name":"wp","href":"https:\/\/api.w.org\/{rel}","templated":true}]}}