{"id":19449,"date":"2023-06-01T09:59:01","date_gmt":"2023-06-01T12:59:01","guid":{"rendered":"https:\/\/www.silvajardim.rj.gov.br\/?p=19449"},"modified":"2023-06-01T09:59:03","modified_gmt":"2023-06-01T12:59:03","slug":"silva-jardim-participa-do-evento-maio-laranja-combate-ao-abuso-e-a-exploracao-sexual-infantil","status":"publish","type":"post","link":"https:\/\/www.silvajardim.rj.gov.br\/index.php\/2023\/06\/01\/silva-jardim-participa-do-evento-maio-laranja-combate-ao-abuso-e-a-exploracao-sexual-infantil\/","title":{"rendered":"SILVA JARDIM PARTICIPA DO EVENTO MAIO LARANJA &#8211; COMBATE AO ABUSO E A EXPLORA\u00c7\u00c3O SEXUAL INFANTIL"},"content":{"rendered":"\n<p>A Secretaria Estadual de Desenvolvimento Social e Direitos Humanos (SEDSODH) realizou na \u00faltima ter\u00e7a-feira (30), o evento Maio Laranja \u2013 Combate ao Abuso e \u00e0 Explora\u00e7\u00e3o Sexual Infantil. O encontro aconteceu no Rio de Janeiro e estiveram presentes diversos seguimentos institucionais Estaduais e Municipais.<\/p>\n\n\n\n<p>O munic\u00edpio de Silva Jardim foi representado no evento pela Secret\u00e1ria Municipal de Trabalho, Habita\u00e7\u00e3o e Promo\u00e7\u00e3o Social Alessandra Ferreira (Dinha), e pelas equipes do Programa Crian\u00e7a Feliz, do Centro de Refer\u00eancia Especializado de Assist\u00eancia Social (CREAS), do Centro de Refer\u00eancia de Assist\u00eancia Social (CRAS) e da Gest\u00e3o Municipal do Sistema \u00danico de Assist\u00eancia Social (SUAS).<\/p>\n\n\n\n<p>A participa\u00e7\u00e3o no encontro teve como objetivo preparar nossas equipes para a conscientiza\u00e7\u00e3o, sensibiliza\u00e7\u00e3o e preven\u00e7\u00e3o no combate ao abuso e \u00e0 explora\u00e7\u00e3o sexual infantil, junto a nossa popula\u00e7\u00e3o. \u00c9 preciso provocar debates, encontros e conversas sobre a tem\u00e1tica. S\u00f3 com conhecimento \u00e9 poss\u00edvel combater qualquer problema.<\/p>\n\n\n\n<p>Estamos cumprindo metas e avan\u00e7ando!<\/p>\n\n\n\n<figure class=\"wp-block-gallery has-nested-images columns-default is-cropped wp-block-gallery-1 is-layout-flex wp-block-gallery-is-layout-flex\">\n<figure class=\"wp-block-image size-large\"><img loading=\"lazy\" decoding=\"async\" width=\"1024\" height=\"768\" data-id=\"19452\" src=\"https:\/\/www.silvajardim.rj.gov.br\/wp-content\/uploads\/2023\/06\/WhatsApp-Image-2023-05-31-at-16.08.41.jpeg\" alt=\"\" class=\"wp-image-19452\" srcset=\"https:\/\/www.silvajardim.rj.gov.br\/wp-content\/uploads\/2023\/06\/WhatsApp-Image-2023-05-31-at-16.08.41.jpeg 1024w, https:\/\/www.silvajardim.rj.gov.br\/wp-content\/uploads\/2023\/06\/WhatsApp-Image-2023-05-31-at-16.08.41-300x225.jpeg 300w, https:\/\/www.silvajardim.rj.gov.br\/wp-content\/uploads\/2023\/06\/WhatsApp-Image-2023-05-31-at-16.08.41-768x576.jpeg 768w\" sizes=\"auto, (max-width: 1024px) 100vw, 1024px\" \/><\/figure>\n\n\n\n<figure class=\"wp-block-image size-large\"><img loading=\"lazy\" decoding=\"async\" width=\"1024\" height=\"768\" data-id=\"19451\" src=\"https:\/\/www.silvajardim.rj.gov.br\/wp-content\/uploads\/2023\/06\/WhatsApp-Image-2023-05-31-at-16.08.41-2.jpeg\" alt=\"\" class=\"wp-image-19451\" srcset=\"https:\/\/www.silvajardim.rj.gov.br\/wp-content\/uploads\/2023\/06\/WhatsApp-Image-2023-05-31-at-16.08.41-2.jpeg 1024w, https:\/\/www.silvajardim.rj.gov.br\/wp-content\/uploads\/2023\/06\/WhatsApp-Image-2023-05-31-at-16.08.41-2-300x225.jpeg 300w, https:\/\/www.silvajardim.rj.gov.br\/wp-content\/uploads\/2023\/06\/WhatsApp-Image-2023-05-31-at-16.08.41-2-768x576.jpeg 768w\" sizes=\"auto, (max-width: 1024px) 100vw, 1024px\" \/><\/figure>\n\n\n\n<figure class=\"wp-block-image size-large\"><img loading=\"lazy\" decoding=\"async\" width=\"1024\" height=\"768\" data-id=\"19450\" src=\"https:\/\/www.silvajardim.rj.gov.br\/wp-content\/uploads\/2023\/06\/WhatsApp-Image-2023-05-31-at-16.08.41-1.jpeg\" alt=\"\" class=\"wp-image-19450\" srcset=\"https:\/\/www.silvajardim.rj.gov.br\/wp-content\/uploads\/2023\/06\/WhatsApp-Image-2023-05-31-at-16.08.41-1.jpeg 1024w, https:\/\/www.silvajardim.rj.gov.br\/wp-content\/uploads\/2023\/06\/WhatsApp-Image-2023-05-31-at-16.08.41-1-300x225.jpeg 300w, https:\/\/www.silvajardim.rj.gov.br\/wp-content\/uploads\/2023\/06\/WhatsApp-Image-2023-05-31-at-16.08.41-1-768x576.jpeg 768w\" sizes=\"auto, (max-width: 1024px) 100vw, 1024px\" \/><\/figure>\n<\/figure>\n","protected":false},"excerpt":{"rendered":"<p>A Secretaria Estadual de Desenvolvimento Social e Direitos Humanos (SEDSODH) realizou na \u00faltima ter\u00e7a-feira (30), o evento Maio Laranja \u2013<\/p>\n","protected":false},"author":3,"featured_media":19452,"comment_status":"open","ping_status":"open","sticky":false,"template":"","format":"standard","meta":{"_mi_skip_tracking":false,"footnotes":""},"categories":[1],"tags":[],"class_list":["post-19449","post","type-post","status-publish","format-standard","has-post-thumbnail","hentry","category-sem-categoria"],"_links":{"self":[{"href":"https:\/\/www.silvajardim.rj.gov.br\/index.php\/wp-json\/wp\/v2\/posts\/19449","targetHints":{"allow":["GET"]}}],"collection":[{"href":"https:\/\/www.silvajardim.rj.gov.br\/index.php\/wp-json\/wp\/v2\/posts"}],"about":[{"href":"https:\/\/www.silvajardim.rj.gov.br\/index.php\/wp-json\/wp\/v2\/types\/post"}],"author":[{"embeddable":true,"href":"https:\/\/www.silvajardim.rj.gov.br\/index.php\/wp-json\/wp\/v2\/users\/3"}],"replies":[{"embeddable":true,"href":"https:\/\/www.silvajardim.rj.gov.br\/index.php\/wp-json\/wp\/v2\/comments?post=19449"}],"version-history":[{"count":1,"href":"https:\/\/www.silvajardim.rj.gov.br\/index.php\/wp-json\/wp\/v2\/posts\/19449\/revisions"}],"predecessor-version":[{"id":19453,"href":"https:\/\/www.silvajardim.rj.gov.br\/index.php\/wp-json\/wp\/v2\/posts\/19449\/revisions\/19453"}],"wp:featuredmedia":[{"embeddable":true,"href":"https:\/\/www.silvajardim.rj.gov.br\/index.php\/wp-json\/wp\/v2\/media\/19452"}],"wp:attachment":[{"href":"https:\/\/www.silvajardim.rj.gov.br\/index.php\/wp-json\/wp\/v2\/media?parent=19449"}],"wp:term":[{"taxonomy":"category","embeddable":true,"href":"https:\/\/www.silvajardim.rj.gov.br\/index.php\/wp-json\/wp\/v2\/categories?post=19449"},{"taxonomy":"post_tag","embeddable":true,"href":"https:\/\/www.silvajardim.rj.gov.br\/index.php\/wp-json\/wp\/v2\/tags?post=19449"}],"curies":[{"name":"wp","href":"https:\/\/api.w.org\/{rel}","templated":true}]}}