{"id":1955,"date":"2019-07-29T23:39:36","date_gmt":"2019-07-30T02:39:36","guid":{"rendered":"https:\/\/www.silvajardim.rj.gov.br\/?p=1955"},"modified":"2019-07-29T23:39:36","modified_gmt":"2019-07-30T02:39:36","slug":"3a-edicao-da-festa-do-milho","status":"publish","type":"post","link":"https:\/\/www.silvajardim.rj.gov.br\/index.php\/2019\/07\/29\/3a-edicao-da-festa-do-milho\/","title":{"rendered":"3\u00aa Edi\u00e7\u00e3o da Festa do Milho"},"content":{"rendered":"\n<figure class=\"wp-block-image\"><img decoding=\"async\" src=\"https:\/\/www.silvajardim.rj.gov.br\/wp-content\/uploads\/2019\/07\/0D9E6D1C-BA0F-4C2F-A56C-C561CECC918B.jpeg\" alt=\"\" class=\"wp-image-1956\"\/><\/figure>\n\n\n\n<p class=\"texto-justificado\">\nNa \u00faltima sexta feira (26), come\u00e7ou 3\u00aa edi\u00e7\u00e3o da Festa do Milho na pra\u00e7a\n do bairro Boqueir\u00e3o, em Silva Jardim, que se estendeu at\u00e9 o domingo \n(28).<br> A programa\u00e7\u00e3o do evento \ncontou com comidas t\u00edpicas, apresenta\u00e7\u00f5es musicais, como: O grupo \nConex\u00e3o Black, Hosana Class, Atos 29, Carla Marcelle e outros, al\u00e9m de \n\u00e1rea Kids, touro mec\u00e2nico, sorteio de brindes, entre outras atra\u00e7\u00f5es. <br>\n No evento a Prefeita foi homenageada, pela Igreja Batista em Silva \nCunha, recebendo uma Mo\u00e7\u00e3o de Gratid\u00e3o, entregue pelo Pastor da Igreja, \nJ\u00falio Cezar Delphino. <br> O evento foi uma Realiza\u00e7\u00e3o da Igreja Batista de Silva Cunha, com o apoio da Prefeitura Municipal de Silva Jardim.\n\n<\/p>\n\n\n\n<figure class=\"wp-block-image\"><img decoding=\"async\" src=\"https:\/\/www.silvajardim.rj.gov.br\/wp-content\/uploads\/2019\/07\/A8308342-F750-401B-9FCE-F260A89C54FC.jpeg\" alt=\"\" class=\"wp-image-1957\"\/><\/figure>\n\n\n\n<figure class=\"wp-block-image\"><img decoding=\"async\" src=\"https:\/\/www.silvajardim.rj.gov.br\/wp-content\/uploads\/2019\/07\/174A6B18-28F5-4B28-A5E9-3E2910A1EBC7.jpeg\" alt=\"\" class=\"wp-image-1958\"\/><\/figure>\n\n\n\n<figure class=\"wp-block-image\"><img decoding=\"async\" src=\"https:\/\/www.silvajardim.rj.gov.br\/wp-content\/uploads\/2019\/07\/E9F268AD-67FB-4431-A7CA-E3A6F1914875.jpeg\" alt=\"\" class=\"wp-image-1959\"\/><\/figure>\n\n\n\n<figure class=\"wp-block-image\"><img decoding=\"async\" src=\"https:\/\/www.silvajardim.rj.gov.br\/wp-content\/uploads\/2019\/07\/627158AE-CAB1-45BA-81F1-031E7344836C.jpeg\" alt=\"\" class=\"wp-image-1960\"\/><\/figure>\n","protected":false},"excerpt":{"rendered":"<p>Na \u00faltima sexta feira (26), come\u00e7ou 3\u00aa edi\u00e7\u00e3o da Festa do Milho na pra\u00e7a do bairro Boqueir\u00e3o, em Silva Jardim,<\/p>\n","protected":false},"author":1,"featured_media":1957,"comment_status":"closed","ping_status":"closed","sticky":false,"template":"","format":"standard","meta":{"_mi_skip_tracking":false,"footnotes":""},"categories":[279,273],"tags":[],"class_list":["post-1955","post","type-post","status-publish","format-standard","has-post-thumbnail","hentry","category-administracao","category-prefeitura"],"_links":{"self":[{"href":"https:\/\/www.silvajardim.rj.gov.br\/index.php\/wp-json\/wp\/v2\/posts\/1955","targetHints":{"allow":["GET"]}}],"collection":[{"href":"https:\/\/www.silvajardim.rj.gov.br\/index.php\/wp-json\/wp\/v2\/posts"}],"about":[{"href":"https:\/\/www.silvajardim.rj.gov.br\/index.php\/wp-json\/wp\/v2\/types\/post"}],"author":[{"embeddable":true,"href":"https:\/\/www.silvajardim.rj.gov.br\/index.php\/wp-json\/wp\/v2\/users\/1"}],"replies":[{"embeddable":true,"href":"https:\/\/www.silvajardim.rj.gov.br\/index.php\/wp-json\/wp\/v2\/comments?post=1955"}],"version-history":[{"count":0,"href":"https:\/\/www.silvajardim.rj.gov.br\/index.php\/wp-json\/wp\/v2\/posts\/1955\/revisions"}],"wp:featuredmedia":[{"embeddable":true,"href":"https:\/\/www.silvajardim.rj.gov.br\/index.php\/wp-json\/"}],"wp:attachment":[{"href":"https:\/\/www.silvajardim.rj.gov.br\/index.php\/wp-json\/wp\/v2\/media?parent=1955"}],"wp:term":[{"taxonomy":"category","embeddable":true,"href":"https:\/\/www.silvajardim.rj.gov.br\/index.php\/wp-json\/wp\/v2\/categories?post=1955"},{"taxonomy":"post_tag","embeddable":true,"href":"https:\/\/www.silvajardim.rj.gov.br\/index.php\/wp-json\/wp\/v2\/tags?post=1955"}],"curies":[{"name":"wp","href":"https:\/\/api.w.org\/{rel}","templated":true}]}}