{"id":19667,"date":"2023-06-20T16:55:17","date_gmt":"2023-06-20T19:55:17","guid":{"rendered":"https:\/\/www.silvajardim.rj.gov.br\/?p=19667"},"modified":"2023-06-20T16:55:47","modified_gmt":"2023-06-20T19:55:47","slug":"calendario-semanal-covid-19-3","status":"publish","type":"post","link":"https:\/\/www.silvajardim.rj.gov.br\/index.php\/2023\/06\/20\/calendario-semanal-covid-19-3\/","title":{"rendered":"CALEND\u00c1RIO SEMANAL \u2013 COVID 19"},"content":{"rendered":"\n<p>A Secretaria Municipal de Sa\u00fade e Assist\u00eancia Social informa \u00e0 popula\u00e7\u00e3o que atualizamos o calend\u00e1rio de vacina\u00e7\u00e3o. O novo calend\u00e1rio ter\u00e1 in\u00edcio nesta quarta-feira (21), com a aplica\u00e7\u00e3o das doses da vacina adulta bivalente (grupos priorit\u00e1rios) e pedi\u00e1trica contra a Covid-19, em Silva Jardim.<\/p>\n\n\n\n<p>Confira o calend\u00e1rio de vacina\u00e7\u00e3o atualizado com as datas, hor\u00e1rios, locais e sua respectiva faixa et\u00e1ria:<\/p>\n\n\n\n<p>Vacine-se e fique em dia com a sa\u00fade.<\/p>\n\n\n\n<p>Estamos cumprindo metas e avan\u00e7ando!<\/p>\n\n\n\n<figure class=\"wp-block-gallery has-nested-images columns-default is-cropped wp-block-gallery-1 is-layout-flex wp-block-gallery-is-layout-flex\">\n<figure class=\"wp-block-image size-large\"><img loading=\"lazy\" decoding=\"async\" width=\"1024\" height=\"1024\" data-id=\"19669\" src=\"https:\/\/www.silvajardim.rj.gov.br\/wp-content\/uploads\/2023\/06\/VACINACAO-CAPA-1024x1024.png\" alt=\"\" class=\"wp-image-19669\" srcset=\"https:\/\/www.silvajardim.rj.gov.br\/wp-content\/uploads\/2023\/06\/VACINACAO-CAPA-1024x1024.png 1024w, https:\/\/www.silvajardim.rj.gov.br\/wp-content\/uploads\/2023\/06\/VACINACAO-CAPA-300x300.png 300w, https:\/\/www.silvajardim.rj.gov.br\/wp-content\/uploads\/2023\/06\/VACINACAO-CAPA-150x150.png 150w, https:\/\/www.silvajardim.rj.gov.br\/wp-content\/uploads\/2023\/06\/VACINACAO-CAPA-768x768.png 768w, https:\/\/www.silvajardim.rj.gov.br\/wp-content\/uploads\/2023\/06\/VACINACAO-CAPA.png 1080w\" sizes=\"auto, (max-width: 1024px) 100vw, 1024px\" \/><\/figure>\n\n\n\n<figure class=\"wp-block-image size-large\"><img loading=\"lazy\" decoding=\"async\" width=\"1024\" height=\"1024\" data-id=\"19668\" src=\"https:\/\/www.silvajardim.rj.gov.br\/wp-content\/uploads\/2023\/06\/VACINA-CALENDARIO-1024x1024.png\" alt=\"\" class=\"wp-image-19668\" srcset=\"https:\/\/www.silvajardim.rj.gov.br\/wp-content\/uploads\/2023\/06\/VACINA-CALENDARIO-1024x1024.png 1024w, https:\/\/www.silvajardim.rj.gov.br\/wp-content\/uploads\/2023\/06\/VACINA-CALENDARIO-300x300.png 300w, https:\/\/www.silvajardim.rj.gov.br\/wp-content\/uploads\/2023\/06\/VACINA-CALENDARIO-150x150.png 150w, https:\/\/www.silvajardim.rj.gov.br\/wp-content\/uploads\/2023\/06\/VACINA-CALENDARIO-768x768.png 768w, https:\/\/www.silvajardim.rj.gov.br\/wp-content\/uploads\/2023\/06\/VACINA-CALENDARIO.png 1080w\" sizes=\"auto, (max-width: 1024px) 100vw, 1024px\" \/><\/figure>\n<\/figure>\n","protected":false},"excerpt":{"rendered":"<p>A Secretaria Municipal de Sa\u00fade e Assist\u00eancia Social informa \u00e0 popula\u00e7\u00e3o que atualizamos o calend\u00e1rio de vacina\u00e7\u00e3o. O novo calend\u00e1rio<\/p>\n","protected":false},"author":3,"featured_media":19669,"comment_status":"open","ping_status":"open","sticky":false,"template":"","format":"standard","meta":{"_mi_skip_tracking":false,"footnotes":""},"categories":[1],"tags":[],"class_list":["post-19667","post","type-post","status-publish","format-standard","has-post-thumbnail","hentry","category-sem-categoria"],"_links":{"self":[{"href":"https:\/\/www.silvajardim.rj.gov.br\/index.php\/wp-json\/wp\/v2\/posts\/19667","targetHints":{"allow":["GET"]}}],"collection":[{"href":"https:\/\/www.silvajardim.rj.gov.br\/index.php\/wp-json\/wp\/v2\/posts"}],"about":[{"href":"https:\/\/www.silvajardim.rj.gov.br\/index.php\/wp-json\/wp\/v2\/types\/post"}],"author":[{"embeddable":true,"href":"https:\/\/www.silvajardim.rj.gov.br\/index.php\/wp-json\/wp\/v2\/users\/3"}],"replies":[{"embeddable":true,"href":"https:\/\/www.silvajardim.rj.gov.br\/index.php\/wp-json\/wp\/v2\/comments?post=19667"}],"version-history":[{"count":2,"href":"https:\/\/www.silvajardim.rj.gov.br\/index.php\/wp-json\/wp\/v2\/posts\/19667\/revisions"}],"predecessor-version":[{"id":19671,"href":"https:\/\/www.silvajardim.rj.gov.br\/index.php\/wp-json\/wp\/v2\/posts\/19667\/revisions\/19671"}],"wp:featuredmedia":[{"embeddable":true,"href":"https:\/\/www.silvajardim.rj.gov.br\/index.php\/wp-json\/wp\/v2\/media\/19669"}],"wp:attachment":[{"href":"https:\/\/www.silvajardim.rj.gov.br\/index.php\/wp-json\/wp\/v2\/media?parent=19667"}],"wp:term":[{"taxonomy":"category","embeddable":true,"href":"https:\/\/www.silvajardim.rj.gov.br\/index.php\/wp-json\/wp\/v2\/categories?post=19667"},{"taxonomy":"post_tag","embeddable":true,"href":"https:\/\/www.silvajardim.rj.gov.br\/index.php\/wp-json\/wp\/v2\/tags?post=19667"}],"curies":[{"name":"wp","href":"https:\/\/api.w.org\/{rel}","templated":true}]}}