{"id":1981,"date":"2019-08-01T11:03:14","date_gmt":"2019-08-01T14:03:14","guid":{"rendered":"https:\/\/www.silvajardim.rj.gov.br\/?p=1981"},"modified":"2019-08-01T11:03:14","modified_gmt":"2019-08-01T14:03:14","slug":"secretaria-de-seguranca-publica-comeca-operacao-de-recolhimento-de-veiculos-abandonados","status":"publish","type":"post","link":"https:\/\/www.silvajardim.rj.gov.br\/index.php\/2019\/08\/01\/secretaria-de-seguranca-publica-comeca-operacao-de-recolhimento-de-veiculos-abandonados\/","title":{"rendered":"Secretaria de Seguran\u00e7a P\u00fablica come\u00e7a Opera\u00e7\u00e3o de Recolhimento de Ve\u00edculos Abandonados"},"content":{"rendered":"\n<figure class=\"wp-block-image\"><img decoding=\"async\" src=\"https:\/\/www.silvajardim.rj.gov.br\/wp-content\/uploads\/2019\/08\/1B4B2433-62EB-43C8-A5D1-2A1CB9C59510.jpeg\" alt=\"\" class=\"wp-image-1982\"\/><\/figure>\n\n\n\n<p class=\"texto-justificado\">\nOntem (31), a Secretaria de Seguran\u00e7a P\u00fablica, no comando do Secret\u00e1rio \nDenilson Mendes, efetuou uma opera\u00e7\u00e3o de recolhimento de ve\u00edculos \nabandonados, que estavam obstruindo v\u00e1rias ruas da cidade, causando \ntranstorno para os moradores de diversos bairros.<br>\n O Secret\u00e1rio informou que a opera\u00e7\u00e3o ir\u00e1 se estender nos pr\u00f3ximos dias,\n notificando os donos dos ve\u00edculos e recolhendo os carros dos que n\u00e3o \nrealizarem a retirada no prazo determinado.<br> O Secret\u00e1rio e sua equipe, com a Guarni\u00e7\u00e3o da Policia Militar da 5\u00aa Cia, n\u00e3o mediram esfor\u00e7os e v\u00e3o continuar trabalhando.\n\n<\/p>\n\n\n\n<figure class=\"wp-block-image\"><img decoding=\"async\" src=\"https:\/\/www.silvajardim.rj.gov.br\/wp-content\/uploads\/2019\/08\/1C257E08-C87D-447C-BB66-079314AA76AB.jpeg\" alt=\"\" class=\"wp-image-1983\"\/><\/figure>\n\n\n\n<figure class=\"wp-block-image\"><img decoding=\"async\" src=\"https:\/\/www.silvajardim.rj.gov.br\/wp-content\/uploads\/2019\/08\/7B6703E7-FF3E-4422-8C3E-5B3E1CFDDDC4.jpeg\" alt=\"\" class=\"wp-image-1984\"\/><\/figure>\n\n\n\n<figure class=\"wp-block-image\"><img decoding=\"async\" src=\"https:\/\/www.silvajardim.rj.gov.br\/wp-content\/uploads\/2019\/08\/68EC9147-9DD0-4F5C-BE4D-0A9D9FC66AFE.jpeg\" alt=\"\" class=\"wp-image-1985\"\/><\/figure>\n","protected":false},"excerpt":{"rendered":"<p>Ontem (31), a Secretaria de Seguran\u00e7a P\u00fablica, no comando do Secret\u00e1rio Denilson Mendes, efetuou uma opera\u00e7\u00e3o de recolhimento de ve\u00edculos<\/p>\n","protected":false},"author":1,"featured_media":1982,"comment_status":"closed","ping_status":"closed","sticky":false,"template":"","format":"standard","meta":{"_mi_skip_tracking":false,"footnotes":""},"categories":[273,280],"tags":[],"class_list":["post-1981","post","type-post","status-publish","format-standard","has-post-thumbnail","hentry","category-prefeitura","category-seguranca-publica"],"_links":{"self":[{"href":"https:\/\/www.silvajardim.rj.gov.br\/index.php\/wp-json\/wp\/v2\/posts\/1981","targetHints":{"allow":["GET"]}}],"collection":[{"href":"https:\/\/www.silvajardim.rj.gov.br\/index.php\/wp-json\/wp\/v2\/posts"}],"about":[{"href":"https:\/\/www.silvajardim.rj.gov.br\/index.php\/wp-json\/wp\/v2\/types\/post"}],"author":[{"embeddable":true,"href":"https:\/\/www.silvajardim.rj.gov.br\/index.php\/wp-json\/wp\/v2\/users\/1"}],"replies":[{"embeddable":true,"href":"https:\/\/www.silvajardim.rj.gov.br\/index.php\/wp-json\/wp\/v2\/comments?post=1981"}],"version-history":[{"count":0,"href":"https:\/\/www.silvajardim.rj.gov.br\/index.php\/wp-json\/wp\/v2\/posts\/1981\/revisions"}],"wp:featuredmedia":[{"embeddable":true,"href":"https:\/\/www.silvajardim.rj.gov.br\/index.php\/wp-json\/"}],"wp:attachment":[{"href":"https:\/\/www.silvajardim.rj.gov.br\/index.php\/wp-json\/wp\/v2\/media?parent=1981"}],"wp:term":[{"taxonomy":"category","embeddable":true,"href":"https:\/\/www.silvajardim.rj.gov.br\/index.php\/wp-json\/wp\/v2\/categories?post=1981"},{"taxonomy":"post_tag","embeddable":true,"href":"https:\/\/www.silvajardim.rj.gov.br\/index.php\/wp-json\/wp\/v2\/tags?post=1981"}],"curies":[{"name":"wp","href":"https:\/\/api.w.org\/{rel}","templated":true}]}}