{"id":19839,"date":"2023-07-04T10:15:29","date_gmt":"2023-07-04T13:15:29","guid":{"rendered":"https:\/\/www.silvajardim.rj.gov.br\/?p=19839"},"modified":"2023-07-04T10:15:31","modified_gmt":"2023-07-04T13:15:31","slug":"silva-jardim-realiza-14a-conferencia-municipal-de-assistencia-social","status":"publish","type":"post","link":"https:\/\/www.silvajardim.rj.gov.br\/index.php\/2023\/07\/04\/silva-jardim-realiza-14a-conferencia-municipal-de-assistencia-social\/","title":{"rendered":"SILVA JARDIM REALIZA 14\u00aa CONFER\u00caNCIA MUNICIPAL DE ASSIST\u00caNCIA SOCIAL"},"content":{"rendered":"\n<p>O Conselho Municipal de Assist\u00eancia Social (CMAS), em parceria com a Secretaria Municipal de Trabalho, Habita\u00e7\u00e3o e Promo\u00e7\u00e3o Social, realizou na \u00faltima quinta-feira (29), a 14\u00aa Confer\u00eancia Municipal de Assistencial Social. O encontro foi realizado na Primeira Igreja Batista de Silva Jardim, no centro da cidade, e teve como objetivo a avalia\u00e7\u00e3o da pol\u00edtica p\u00fablica de Assist\u00eancia Social e defini\u00e7\u00e3o de diretrizes para o aprimoramento do Sistema \u00danico de Assist\u00eancia Social.<\/p>\n\n\n\n<p>O evento contou com as presen\u00e7as do Vice-prefeito Pastor Marcos Jo\u00e3o, da Secret\u00e1ria de Trabalho, Habita\u00e7\u00e3o e Promo\u00e7\u00e3o Social Alessandra Ferreira, da Subsecret\u00e1ria de Trabalho, Habita\u00e7\u00e3o e Promo\u00e7\u00e3o Social Isabela Melo, do Presidente do Conselho Municipal de Assist\u00eancia Social Alex Sandro Rodrigues, dos vereadores Andreia Menezes, Rubens Cavalcanti e Fabr\u00edcio de Napinho, da Secret\u00e1ria Municipal de Assist\u00eancia Social de Casimiro de Abreu Thais Rodrigues, da Representante dos Usu\u00e1rios da pol\u00edtica de Assist\u00eancia Social e participante do Servi\u00e7o de Conviv\u00eancia e Fortalecimento de V\u00ednculos Janete Batista e da instrutora do CRAS Renascer Lucineia Gomes.<\/p>\n\n\n\n<p>Na ocasi\u00e3o, foram escolhidos os delegados governamentais e n\u00e3o governamentais que ir\u00e3o representar nosso Munic\u00edpio na Conferencia Estadual. A Confer\u00eancia \u00e9 a oportunidade de reunir governo e sociedade civil, em especial os usu\u00e1rios da Pol\u00edtica de Assist\u00eancia Social, para pensar e decidir as prioridades para os pr\u00f3ximos anos.<\/p>\n\n\n\n<p>Estamos cumprindo metas e avan\u00e7ando!<\/p>\n\n\n\n<figure class=\"wp-block-gallery has-nested-images columns-default is-cropped wp-block-gallery-1 is-layout-flex wp-block-gallery-is-layout-flex\">\n<figure class=\"wp-block-image size-large\"><img loading=\"lazy\" decoding=\"async\" width=\"1024\" height=\"683\" data-id=\"19851\" src=\"https:\/\/www.silvajardim.rj.gov.br\/wp-content\/uploads\/2023\/07\/IMG_9511-1024x683.jpg\" alt=\"\" class=\"wp-image-19851\" srcset=\"https:\/\/www.silvajardim.rj.gov.br\/wp-content\/uploads\/2023\/07\/IMG_9511-1024x683.jpg 1024w, https:\/\/www.silvajardim.rj.gov.br\/wp-content\/uploads\/2023\/07\/IMG_9511-300x200.jpg 300w, https:\/\/www.silvajardim.rj.gov.br\/wp-content\/uploads\/2023\/07\/IMG_9511-768x512.jpg 768w, https:\/\/www.silvajardim.rj.gov.br\/wp-content\/uploads\/2023\/07\/IMG_9511-1536x1024.jpg 1536w, https:\/\/www.silvajardim.rj.gov.br\/wp-content\/uploads\/2023\/07\/IMG_9511-2048x1365.jpg 2048w\" sizes=\"auto, (max-width: 1024px) 100vw, 1024px\" \/><\/figure>\n\n\n\n<figure class=\"wp-block-image size-large\"><img loading=\"lazy\" decoding=\"async\" width=\"1024\" height=\"683\" data-id=\"19858\" src=\"https:\/\/www.silvajardim.rj.gov.br\/wp-content\/uploads\/2023\/07\/IMG_9534-1024x683.jpg\" alt=\"\" class=\"wp-image-19858\" srcset=\"https:\/\/www.silvajardim.rj.gov.br\/wp-content\/uploads\/2023\/07\/IMG_9534-1024x683.jpg 1024w, https:\/\/www.silvajardim.rj.gov.br\/wp-content\/uploads\/2023\/07\/IMG_9534-300x200.jpg 300w, https:\/\/www.silvajardim.rj.gov.br\/wp-content\/uploads\/2023\/07\/IMG_9534-768x512.jpg 768w, https:\/\/www.silvajardim.rj.gov.br\/wp-content\/uploads\/2023\/07\/IMG_9534-1536x1024.jpg 1536w, https:\/\/www.silvajardim.rj.gov.br\/wp-content\/uploads\/2023\/07\/IMG_9534-2048x1365.jpg 2048w\" sizes=\"auto, (max-width: 1024px) 100vw, 1024px\" \/><\/figure>\n\n\n\n<figure class=\"wp-block-image size-large\"><img loading=\"lazy\" decoding=\"async\" width=\"1024\" height=\"683\" data-id=\"19840\" src=\"https:\/\/www.silvajardim.rj.gov.br\/wp-content\/uploads\/2023\/07\/IMG_9482-1024x683.jpg\" alt=\"\" class=\"wp-image-19840\" srcset=\"https:\/\/www.silvajardim.rj.gov.br\/wp-content\/uploads\/2023\/07\/IMG_9482-1024x683.jpg 1024w, https:\/\/www.silvajardim.rj.gov.br\/wp-content\/uploads\/2023\/07\/IMG_9482-300x200.jpg 300w, https:\/\/www.silvajardim.rj.gov.br\/wp-content\/uploads\/2023\/07\/IMG_9482-768x512.jpg 768w, https:\/\/www.silvajardim.rj.gov.br\/wp-content\/uploads\/2023\/07\/IMG_9482-1536x1024.jpg 1536w, https:\/\/www.silvajardim.rj.gov.br\/wp-content\/uploads\/2023\/07\/IMG_9482-2048x1365.jpg 2048w\" sizes=\"auto, (max-width: 1024px) 100vw, 1024px\" \/><\/figure>\n\n\n\n<figure class=\"wp-block-image size-large\"><img loading=\"lazy\" decoding=\"async\" width=\"1024\" height=\"683\" data-id=\"19843\" src=\"https:\/\/www.silvajardim.rj.gov.br\/wp-content\/uploads\/2023\/07\/IMG_9485-1024x683.jpg\" alt=\"\" class=\"wp-image-19843\" srcset=\"https:\/\/www.silvajardim.rj.gov.br\/wp-content\/uploads\/2023\/07\/IMG_9485-1024x683.jpg 1024w, https:\/\/www.silvajardim.rj.gov.br\/wp-content\/uploads\/2023\/07\/IMG_9485-300x200.jpg 300w, https:\/\/www.silvajardim.rj.gov.br\/wp-content\/uploads\/2023\/07\/IMG_9485-768x512.jpg 768w, https:\/\/www.silvajardim.rj.gov.br\/wp-content\/uploads\/2023\/07\/IMG_9485-1536x1024.jpg 1536w, https:\/\/www.silvajardim.rj.gov.br\/wp-content\/uploads\/2023\/07\/IMG_9485-2048x1365.jpg 2048w\" sizes=\"auto, (max-width: 1024px) 100vw, 1024px\" \/><\/figure>\n\n\n\n<figure class=\"wp-block-image size-large\"><img loading=\"lazy\" decoding=\"async\" width=\"1024\" height=\"683\" data-id=\"19845\" src=\"https:\/\/www.silvajardim.rj.gov.br\/wp-content\/uploads\/2023\/07\/IMG_9487-1024x683.jpg\" alt=\"\" class=\"wp-image-19845\" srcset=\"https:\/\/www.silvajardim.rj.gov.br\/wp-content\/uploads\/2023\/07\/IMG_9487-1024x683.jpg 1024w, https:\/\/www.silvajardim.rj.gov.br\/wp-content\/uploads\/2023\/07\/IMG_9487-300x200.jpg 300w, https:\/\/www.silvajardim.rj.gov.br\/wp-content\/uploads\/2023\/07\/IMG_9487-768x512.jpg 768w, https:\/\/www.silvajardim.rj.gov.br\/wp-content\/uploads\/2023\/07\/IMG_9487-1536x1024.jpg 1536w, https:\/\/www.silvajardim.rj.gov.br\/wp-content\/uploads\/2023\/07\/IMG_9487-2048x1365.jpg 2048w\" sizes=\"auto, (max-width: 1024px) 100vw, 1024px\" \/><\/figure>\n\n\n\n<figure class=\"wp-block-image size-large\"><img loading=\"lazy\" decoding=\"async\" width=\"1024\" height=\"683\" data-id=\"19842\" src=\"https:\/\/www.silvajardim.rj.gov.br\/wp-content\/uploads\/2023\/07\/IMG_9492-1024x683.jpg\" alt=\"\" class=\"wp-image-19842\" srcset=\"https:\/\/www.silvajardim.rj.gov.br\/wp-content\/uploads\/2023\/07\/IMG_9492-1024x683.jpg 1024w, https:\/\/www.silvajardim.rj.gov.br\/wp-content\/uploads\/2023\/07\/IMG_9492-300x200.jpg 300w, https:\/\/www.silvajardim.rj.gov.br\/wp-content\/uploads\/2023\/07\/IMG_9492-768x512.jpg 768w, https:\/\/www.silvajardim.rj.gov.br\/wp-content\/uploads\/2023\/07\/IMG_9492-1536x1024.jpg 1536w, https:\/\/www.silvajardim.rj.gov.br\/wp-content\/uploads\/2023\/07\/IMG_9492-2048x1365.jpg 2048w\" sizes=\"auto, (max-width: 1024px) 100vw, 1024px\" \/><\/figure>\n\n\n\n<figure class=\"wp-block-image size-large\"><img loading=\"lazy\" decoding=\"async\" width=\"1024\" height=\"683\" data-id=\"19846\" src=\"https:\/\/www.silvajardim.rj.gov.br\/wp-content\/uploads\/2023\/07\/IMG_9493-1024x683.jpg\" alt=\"\" class=\"wp-image-19846\" srcset=\"https:\/\/www.silvajardim.rj.gov.br\/wp-content\/uploads\/2023\/07\/IMG_9493-1024x683.jpg 1024w, https:\/\/www.silvajardim.rj.gov.br\/wp-content\/uploads\/2023\/07\/IMG_9493-300x200.jpg 300w, https:\/\/www.silvajardim.rj.gov.br\/wp-content\/uploads\/2023\/07\/IMG_9493-768x512.jpg 768w, https:\/\/www.silvajardim.rj.gov.br\/wp-content\/uploads\/2023\/07\/IMG_9493-1536x1024.jpg 1536w, https:\/\/www.silvajardim.rj.gov.br\/wp-content\/uploads\/2023\/07\/IMG_9493-2048x1365.jpg 2048w\" sizes=\"auto, (max-width: 1024px) 100vw, 1024px\" \/><\/figure>\n\n\n\n<figure class=\"wp-block-image size-large\"><img loading=\"lazy\" decoding=\"async\" width=\"1024\" height=\"683\" data-id=\"19848\" src=\"https:\/\/www.silvajardim.rj.gov.br\/wp-content\/uploads\/2023\/07\/IMG_9497-1024x683.jpg\" alt=\"\" class=\"wp-image-19848\" srcset=\"https:\/\/www.silvajardim.rj.gov.br\/wp-content\/uploads\/2023\/07\/IMG_9497-1024x683.jpg 1024w, https:\/\/www.silvajardim.rj.gov.br\/wp-content\/uploads\/2023\/07\/IMG_9497-300x200.jpg 300w, https:\/\/www.silvajardim.rj.gov.br\/wp-content\/uploads\/2023\/07\/IMG_9497-768x512.jpg 768w, https:\/\/www.silvajardim.rj.gov.br\/wp-content\/uploads\/2023\/07\/IMG_9497-1536x1024.jpg 1536w, https:\/\/www.silvajardim.rj.gov.br\/wp-content\/uploads\/2023\/07\/IMG_9497-2048x1365.jpg 2048w\" sizes=\"auto, (max-width: 1024px) 100vw, 1024px\" \/><\/figure>\n\n\n\n<figure class=\"wp-block-image size-large\"><img loading=\"lazy\" decoding=\"async\" width=\"1024\" height=\"683\" data-id=\"19847\" src=\"https:\/\/www.silvajardim.rj.gov.br\/wp-content\/uploads\/2023\/07\/IMG_9507-1024x683.jpg\" alt=\"\" class=\"wp-image-19847\" srcset=\"https:\/\/www.silvajardim.rj.gov.br\/wp-content\/uploads\/2023\/07\/IMG_9507-1024x683.jpg 1024w, https:\/\/www.silvajardim.rj.gov.br\/wp-content\/uploads\/2023\/07\/IMG_9507-300x200.jpg 300w, https:\/\/www.silvajardim.rj.gov.br\/wp-content\/uploads\/2023\/07\/IMG_9507-768x512.jpg 768w, https:\/\/www.silvajardim.rj.gov.br\/wp-content\/uploads\/2023\/07\/IMG_9507-1536x1024.jpg 1536w, https:\/\/www.silvajardim.rj.gov.br\/wp-content\/uploads\/2023\/07\/IMG_9507-2048x1365.jpg 2048w\" sizes=\"auto, (max-width: 1024px) 100vw, 1024px\" \/><\/figure>\n\n\n\n<figure class=\"wp-block-image size-large\"><img loading=\"lazy\" decoding=\"async\" width=\"1024\" height=\"683\" data-id=\"19841\" src=\"https:\/\/www.silvajardim.rj.gov.br\/wp-content\/uploads\/2023\/07\/IMG_9478-1024x683.jpg\" alt=\"\" class=\"wp-image-19841\" srcset=\"https:\/\/www.silvajardim.rj.gov.br\/wp-content\/uploads\/2023\/07\/IMG_9478-1024x683.jpg 1024w, https:\/\/www.silvajardim.rj.gov.br\/wp-content\/uploads\/2023\/07\/IMG_9478-300x200.jpg 300w, https:\/\/www.silvajardim.rj.gov.br\/wp-content\/uploads\/2023\/07\/IMG_9478-768x512.jpg 768w, https:\/\/www.silvajardim.rj.gov.br\/wp-content\/uploads\/2023\/07\/IMG_9478-1536x1024.jpg 1536w, https:\/\/www.silvajardim.rj.gov.br\/wp-content\/uploads\/2023\/07\/IMG_9478-2048x1365.jpg 2048w\" sizes=\"auto, (max-width: 1024px) 100vw, 1024px\" \/><\/figure>\n\n\n\n<figure class=\"wp-block-image size-large\"><img loading=\"lazy\" decoding=\"async\" width=\"1024\" height=\"683\" data-id=\"19849\" src=\"https:\/\/www.silvajardim.rj.gov.br\/wp-content\/uploads\/2023\/07\/IMG_9508-1024x683.jpg\" alt=\"\" class=\"wp-image-19849\" srcset=\"https:\/\/www.silvajardim.rj.gov.br\/wp-content\/uploads\/2023\/07\/IMG_9508-1024x683.jpg 1024w, https:\/\/www.silvajardim.rj.gov.br\/wp-content\/uploads\/2023\/07\/IMG_9508-300x200.jpg 300w, https:\/\/www.silvajardim.rj.gov.br\/wp-content\/uploads\/2023\/07\/IMG_9508-768x512.jpg 768w, https:\/\/www.silvajardim.rj.gov.br\/wp-content\/uploads\/2023\/07\/IMG_9508-1536x1024.jpg 1536w, https:\/\/www.silvajardim.rj.gov.br\/wp-content\/uploads\/2023\/07\/IMG_9508-2048x1365.jpg 2048w\" sizes=\"auto, (max-width: 1024px) 100vw, 1024px\" \/><\/figure>\n\n\n\n<figure class=\"wp-block-image size-large\"><img loading=\"lazy\" decoding=\"async\" width=\"1024\" height=\"683\" data-id=\"19850\" src=\"https:\/\/www.silvajardim.rj.gov.br\/wp-content\/uploads\/2023\/07\/IMG_9509-1024x683.jpg\" alt=\"\" class=\"wp-image-19850\" srcset=\"https:\/\/www.silvajardim.rj.gov.br\/wp-content\/uploads\/2023\/07\/IMG_9509-1024x683.jpg 1024w, https:\/\/www.silvajardim.rj.gov.br\/wp-content\/uploads\/2023\/07\/IMG_9509-300x200.jpg 300w, https:\/\/www.silvajardim.rj.gov.br\/wp-content\/uploads\/2023\/07\/IMG_9509-768x512.jpg 768w, https:\/\/www.silvajardim.rj.gov.br\/wp-content\/uploads\/2023\/07\/IMG_9509-1536x1024.jpg 1536w, https:\/\/www.silvajardim.rj.gov.br\/wp-content\/uploads\/2023\/07\/IMG_9509-2048x1365.jpg 2048w\" sizes=\"auto, (max-width: 1024px) 100vw, 1024px\" \/><\/figure>\n\n\n\n<figure class=\"wp-block-image size-large\"><img loading=\"lazy\" decoding=\"async\" width=\"1024\" height=\"683\" data-id=\"19852\" src=\"https:\/\/www.silvajardim.rj.gov.br\/wp-content\/uploads\/2023\/07\/IMG_9514-1024x683.jpg\" alt=\"\" class=\"wp-image-19852\" srcset=\"https:\/\/www.silvajardim.rj.gov.br\/wp-content\/uploads\/2023\/07\/IMG_9514-1024x683.jpg 1024w, https:\/\/www.silvajardim.rj.gov.br\/wp-content\/uploads\/2023\/07\/IMG_9514-300x200.jpg 300w, https:\/\/www.silvajardim.rj.gov.br\/wp-content\/uploads\/2023\/07\/IMG_9514-768x512.jpg 768w, https:\/\/www.silvajardim.rj.gov.br\/wp-content\/uploads\/2023\/07\/IMG_9514-1536x1024.jpg 1536w, https:\/\/www.silvajardim.rj.gov.br\/wp-content\/uploads\/2023\/07\/IMG_9514-2048x1365.jpg 2048w\" sizes=\"auto, (max-width: 1024px) 100vw, 1024px\" \/><\/figure>\n\n\n\n<figure class=\"wp-block-image size-large\"><img loading=\"lazy\" decoding=\"async\" width=\"1024\" height=\"683\" data-id=\"19853\" src=\"https:\/\/www.silvajardim.rj.gov.br\/wp-content\/uploads\/2023\/07\/IMG_9519-1024x683.jpg\" alt=\"\" class=\"wp-image-19853\" srcset=\"https:\/\/www.silvajardim.rj.gov.br\/wp-content\/uploads\/2023\/07\/IMG_9519-1024x683.jpg 1024w, https:\/\/www.silvajardim.rj.gov.br\/wp-content\/uploads\/2023\/07\/IMG_9519-300x200.jpg 300w, https:\/\/www.silvajardim.rj.gov.br\/wp-content\/uploads\/2023\/07\/IMG_9519-768x512.jpg 768w, https:\/\/www.silvajardim.rj.gov.br\/wp-content\/uploads\/2023\/07\/IMG_9519-1536x1024.jpg 1536w, https:\/\/www.silvajardim.rj.gov.br\/wp-content\/uploads\/2023\/07\/IMG_9519-2048x1365.jpg 2048w\" sizes=\"auto, (max-width: 1024px) 100vw, 1024px\" \/><\/figure>\n\n\n\n<figure class=\"wp-block-image size-large\"><img loading=\"lazy\" decoding=\"async\" width=\"1024\" height=\"683\" data-id=\"19854\" src=\"https:\/\/www.silvajardim.rj.gov.br\/wp-content\/uploads\/2023\/07\/IMG_9523-1024x683.jpg\" alt=\"\" class=\"wp-image-19854\" srcset=\"https:\/\/www.silvajardim.rj.gov.br\/wp-content\/uploads\/2023\/07\/IMG_9523-1024x683.jpg 1024w, https:\/\/www.silvajardim.rj.gov.br\/wp-content\/uploads\/2023\/07\/IMG_9523-300x200.jpg 300w, https:\/\/www.silvajardim.rj.gov.br\/wp-content\/uploads\/2023\/07\/IMG_9523-768x512.jpg 768w, https:\/\/www.silvajardim.rj.gov.br\/wp-content\/uploads\/2023\/07\/IMG_9523-1536x1024.jpg 1536w, https:\/\/www.silvajardim.rj.gov.br\/wp-content\/uploads\/2023\/07\/IMG_9523-2048x1365.jpg 2048w\" sizes=\"auto, (max-width: 1024px) 100vw, 1024px\" \/><\/figure>\n\n\n\n<figure class=\"wp-block-image size-large\"><img loading=\"lazy\" decoding=\"async\" width=\"1024\" height=\"683\" data-id=\"19855\" src=\"https:\/\/www.silvajardim.rj.gov.br\/wp-content\/uploads\/2023\/07\/IMG_9527-1024x683.jpg\" alt=\"\" class=\"wp-image-19855\" srcset=\"https:\/\/www.silvajardim.rj.gov.br\/wp-content\/uploads\/2023\/07\/IMG_9527-1024x683.jpg 1024w, https:\/\/www.silvajardim.rj.gov.br\/wp-content\/uploads\/2023\/07\/IMG_9527-300x200.jpg 300w, https:\/\/www.silvajardim.rj.gov.br\/wp-content\/uploads\/2023\/07\/IMG_9527-768x512.jpg 768w, https:\/\/www.silvajardim.rj.gov.br\/wp-content\/uploads\/2023\/07\/IMG_9527-1536x1024.jpg 1536w, https:\/\/www.silvajardim.rj.gov.br\/wp-content\/uploads\/2023\/07\/IMG_9527-2048x1365.jpg 2048w\" sizes=\"auto, (max-width: 1024px) 100vw, 1024px\" \/><\/figure>\n\n\n\n<figure class=\"wp-block-image size-large\"><img loading=\"lazy\" decoding=\"async\" width=\"1024\" height=\"683\" data-id=\"19856\" src=\"https:\/\/www.silvajardim.rj.gov.br\/wp-content\/uploads\/2023\/07\/IMG_9529-1024x683.jpg\" alt=\"\" class=\"wp-image-19856\" srcset=\"https:\/\/www.silvajardim.rj.gov.br\/wp-content\/uploads\/2023\/07\/IMG_9529-1024x683.jpg 1024w, https:\/\/www.silvajardim.rj.gov.br\/wp-content\/uploads\/2023\/07\/IMG_9529-300x200.jpg 300w, https:\/\/www.silvajardim.rj.gov.br\/wp-content\/uploads\/2023\/07\/IMG_9529-768x512.jpg 768w, https:\/\/www.silvajardim.rj.gov.br\/wp-content\/uploads\/2023\/07\/IMG_9529-1536x1024.jpg 1536w, https:\/\/www.silvajardim.rj.gov.br\/wp-content\/uploads\/2023\/07\/IMG_9529-2048x1365.jpg 2048w\" sizes=\"auto, (max-width: 1024px) 100vw, 1024px\" \/><\/figure>\n\n\n\n<figure class=\"wp-block-image size-large\"><img loading=\"lazy\" decoding=\"async\" width=\"1024\" height=\"683\" data-id=\"19857\" src=\"https:\/\/www.silvajardim.rj.gov.br\/wp-content\/uploads\/2023\/07\/IMG_9531-1024x683.jpg\" alt=\"\" class=\"wp-image-19857\" srcset=\"https:\/\/www.silvajardim.rj.gov.br\/wp-content\/uploads\/2023\/07\/IMG_9531-1024x683.jpg 1024w, https:\/\/www.silvajardim.rj.gov.br\/wp-content\/uploads\/2023\/07\/IMG_9531-300x200.jpg 300w, https:\/\/www.silvajardim.rj.gov.br\/wp-content\/uploads\/2023\/07\/IMG_9531-768x512.jpg 768w, https:\/\/www.silvajardim.rj.gov.br\/wp-content\/uploads\/2023\/07\/IMG_9531-1536x1024.jpg 1536w, https:\/\/www.silvajardim.rj.gov.br\/wp-content\/uploads\/2023\/07\/IMG_9531-2048x1365.jpg 2048w\" sizes=\"auto, (max-width: 1024px) 100vw, 1024px\" \/><\/figure>\n\n\n\n<figure class=\"wp-block-image size-large\"><img loading=\"lazy\" decoding=\"async\" width=\"1024\" height=\"683\" data-id=\"19844\" src=\"https:\/\/www.silvajardim.rj.gov.br\/wp-content\/uploads\/2023\/07\/IMG_9489-1024x683.jpg\" alt=\"\" class=\"wp-image-19844\" srcset=\"https:\/\/www.silvajardim.rj.gov.br\/wp-content\/uploads\/2023\/07\/IMG_9489-1024x683.jpg 1024w, https:\/\/www.silvajardim.rj.gov.br\/wp-content\/uploads\/2023\/07\/IMG_9489-300x200.jpg 300w, https:\/\/www.silvajardim.rj.gov.br\/wp-content\/uploads\/2023\/07\/IMG_9489-768x512.jpg 768w, https:\/\/www.silvajardim.rj.gov.br\/wp-content\/uploads\/2023\/07\/IMG_9489-1536x1024.jpg 1536w, https:\/\/www.silvajardim.rj.gov.br\/wp-content\/uploads\/2023\/07\/IMG_9489-2048x1365.jpg 2048w\" sizes=\"auto, (max-width: 1024px) 100vw, 1024px\" \/><\/figure>\n<\/figure>\n","protected":false},"excerpt":{"rendered":"<p>O Conselho Municipal de Assist\u00eancia Social (CMAS), em parceria com a Secretaria Municipal de Trabalho, Habita\u00e7\u00e3o e Promo\u00e7\u00e3o Social, realizou<\/p>\n","protected":false},"author":3,"featured_media":19851,"comment_status":"open","ping_status":"open","sticky":false,"template":"","format":"standard","meta":{"_mi_skip_tracking":false,"footnotes":""},"categories":[1],"tags":[],"class_list":["post-19839","post","type-post","status-publish","format-standard","has-post-thumbnail","hentry","category-sem-categoria"],"_links":{"self":[{"href":"https:\/\/www.silvajardim.rj.gov.br\/index.php\/wp-json\/wp\/v2\/posts\/19839","targetHints":{"allow":["GET"]}}],"collection":[{"href":"https:\/\/www.silvajardim.rj.gov.br\/index.php\/wp-json\/wp\/v2\/posts"}],"about":[{"href":"https:\/\/www.silvajardim.rj.gov.br\/index.php\/wp-json\/wp\/v2\/types\/post"}],"author":[{"embeddable":true,"href":"https:\/\/www.silvajardim.rj.gov.br\/index.php\/wp-json\/wp\/v2\/users\/3"}],"replies":[{"embeddable":true,"href":"https:\/\/www.silvajardim.rj.gov.br\/index.php\/wp-json\/wp\/v2\/comments?post=19839"}],"version-history":[{"count":1,"href":"https:\/\/www.silvajardim.rj.gov.br\/index.php\/wp-json\/wp\/v2\/posts\/19839\/revisions"}],"predecessor-version":[{"id":19859,"href":"https:\/\/www.silvajardim.rj.gov.br\/index.php\/wp-json\/wp\/v2\/posts\/19839\/revisions\/19859"}],"wp:featuredmedia":[{"embeddable":true,"href":"https:\/\/www.silvajardim.rj.gov.br\/index.php\/wp-json\/wp\/v2\/media\/19851"}],"wp:attachment":[{"href":"https:\/\/www.silvajardim.rj.gov.br\/index.php\/wp-json\/wp\/v2\/media?parent=19839"}],"wp:term":[{"taxonomy":"category","embeddable":true,"href":"https:\/\/www.silvajardim.rj.gov.br\/index.php\/wp-json\/wp\/v2\/categories?post=19839"},{"taxonomy":"post_tag","embeddable":true,"href":"https:\/\/www.silvajardim.rj.gov.br\/index.php\/wp-json\/wp\/v2\/tags?post=19839"}],"curies":[{"name":"wp","href":"https:\/\/api.w.org\/{rel}","templated":true}]}}