{"id":1987,"date":"2019-08-02T11:48:40","date_gmt":"2019-08-02T14:48:40","guid":{"rendered":"https:\/\/www.silvajardim.rj.gov.br\/?p=1987"},"modified":"2019-08-02T11:48:40","modified_gmt":"2019-08-02T14:48:40","slug":"pintura-das-faixas-de-pedestres-no-centro-da-cidade","status":"publish","type":"post","link":"https:\/\/www.silvajardim.rj.gov.br\/index.php\/2019\/08\/02\/pintura-das-faixas-de-pedestres-no-centro-da-cidade\/","title":{"rendered":"Pintura das Faixas de Pedestres no Centro da Cidade"},"content":{"rendered":"\n<figure class=\"wp-block-image\"><img decoding=\"async\" src=\"https:\/\/www.silvajardim.rj.gov.br\/wp-content\/uploads\/2019\/08\/BE09BBA3-5FC7-4F49-A899-C3F84BBA0747.jpeg\" alt=\"\" class=\"wp-image-1988\"\/><\/figure>\n\n\n\n<p class=\"texto-justificado\">\nM A Prefeitura de Silva Jardim, atrav\u00e9s da Secretaria Municipal de \nSeguran\u00e7a P\u00fablica, realizou nos \u00faltimos dias, a pintura das faixas de \npedestres no centro da cidade. A a\u00e7\u00e3o tem como objetivo sinalizar as \nvias p\u00fablicas.\n\n<\/p>\n\n\n\n<figure class=\"wp-block-image\"><img decoding=\"async\" src=\"https:\/\/www.silvajardim.rj.gov.br\/wp-content\/uploads\/2019\/08\/182DE076-EA24-42CC-8B7C-408CE8F13D7E.jpeg\" alt=\"\" class=\"wp-image-1989\"\/><\/figure>\n\n\n\n<figure class=\"wp-block-image\"><img decoding=\"async\" src=\"https:\/\/www.silvajardim.rj.gov.br\/wp-content\/uploads\/2019\/08\/6E5BB1EC-823F-4455-931A-C71735C44A3C.jpeg\" alt=\"\" class=\"wp-image-1990\"\/><\/figure>\n\n\n\n<figure class=\"wp-block-image\"><img decoding=\"async\" src=\"https:\/\/www.silvajardim.rj.gov.br\/wp-content\/uploads\/2019\/08\/C983C0A4-E3E9-4D12-AA7E-8BA4082FB406.jpeg\" alt=\"\" class=\"wp-image-1991\"\/><\/figure>\n\n\n\n<figure class=\"wp-block-image\"><img decoding=\"async\" src=\"https:\/\/www.silvajardim.rj.gov.br\/wp-content\/uploads\/2019\/08\/6E0C46E8-41EB-4A1B-A63B-1DAD0AF0BC2E.jpeg\" alt=\"\" class=\"wp-image-1992\"\/><\/figure>\n\n\n\n<figure class=\"wp-block-image\"><img decoding=\"async\" src=\"https:\/\/www.silvajardim.rj.gov.br\/wp-content\/uploads\/2019\/08\/AC5DC7EF-B69D-496F-8CB8-705E3AAE0813.jpeg\" alt=\"\" class=\"wp-image-1993\"\/><\/figure>\n\n\n\n<figure class=\"wp-block-image\"><img decoding=\"async\" src=\"https:\/\/www.silvajardim.rj.gov.br\/wp-content\/uploads\/2019\/08\/1BB254A5-2E31-4B1B-B436-5B906F265F4C.jpeg\" alt=\"\" class=\"wp-image-1994\"\/><\/figure>\n","protected":false},"excerpt":{"rendered":"<p>M A Prefeitura de Silva Jardim, atrav\u00e9s da Secretaria Municipal de Seguran\u00e7a P\u00fablica, realizou nos \u00faltimos dias, a pintura das<\/p>\n","protected":false},"author":1,"featured_media":1988,"comment_status":"closed","ping_status":"closed","sticky":false,"template":"","format":"standard","meta":{"_mi_skip_tracking":false,"footnotes":""},"categories":[277,273],"tags":[],"class_list":["post-1987","post","type-post","status-publish","format-standard","has-post-thumbnail","hentry","category-obras-e-servicos-publicos","category-prefeitura"],"_links":{"self":[{"href":"https:\/\/www.silvajardim.rj.gov.br\/index.php\/wp-json\/wp\/v2\/posts\/1987","targetHints":{"allow":["GET"]}}],"collection":[{"href":"https:\/\/www.silvajardim.rj.gov.br\/index.php\/wp-json\/wp\/v2\/posts"}],"about":[{"href":"https:\/\/www.silvajardim.rj.gov.br\/index.php\/wp-json\/wp\/v2\/types\/post"}],"author":[{"embeddable":true,"href":"https:\/\/www.silvajardim.rj.gov.br\/index.php\/wp-json\/wp\/v2\/users\/1"}],"replies":[{"embeddable":true,"href":"https:\/\/www.silvajardim.rj.gov.br\/index.php\/wp-json\/wp\/v2\/comments?post=1987"}],"version-history":[{"count":0,"href":"https:\/\/www.silvajardim.rj.gov.br\/index.php\/wp-json\/wp\/v2\/posts\/1987\/revisions"}],"wp:featuredmedia":[{"embeddable":true,"href":"https:\/\/www.silvajardim.rj.gov.br\/index.php\/wp-json\/"}],"wp:attachment":[{"href":"https:\/\/www.silvajardim.rj.gov.br\/index.php\/wp-json\/wp\/v2\/media?parent=1987"}],"wp:term":[{"taxonomy":"category","embeddable":true,"href":"https:\/\/www.silvajardim.rj.gov.br\/index.php\/wp-json\/wp\/v2\/categories?post=1987"},{"taxonomy":"post_tag","embeddable":true,"href":"https:\/\/www.silvajardim.rj.gov.br\/index.php\/wp-json\/wp\/v2\/tags?post=1987"}],"curies":[{"name":"wp","href":"https:\/\/api.w.org\/{rel}","templated":true}]}}