{"id":19939,"date":"2023-07-12T09:41:59","date_gmt":"2023-07-12T12:41:59","guid":{"rendered":"https:\/\/www.silvajardim.rj.gov.br\/?p=19939"},"modified":"2023-07-14T09:57:40","modified_gmt":"2023-07-14T12:57:40","slug":"vem-ai-o-terceiro-concurso-de-bandas-e-fanfarras-de-silva-jardim","status":"publish","type":"post","link":"https:\/\/www.silvajardim.rj.gov.br\/index.php\/2023\/07\/12\/vem-ai-o-terceiro-concurso-de-bandas-e-fanfarras-de-silva-jardim\/","title":{"rendered":"VEM A\u00cd, O TERCEIRO CONCURSO DE BANDAS E FANFARRAS DE SILVA JARDIM!!!!!"},"content":{"rendered":"\n<p>A Secretaria Municipal de Turismo, Ind\u00fastria, Com\u00e9rcio, Cultura, Esporte e Lazer informa que est\u00e3o abertas as inscri\u00e7\u00f5es para o III\u00ba Concurso de Bandas e Fanfarras de Silva Jardim. O evento ser\u00e1 realizado no dia 01 de outubro (Dia Internacional da M\u00fasica), a partir das 8h, na Rua Luiz Gomes, no centro da cidade.<\/p>\n\n\n\n<p>CATEGORIAS:<\/p>\n\n\n\n<p>Banda Marcial<\/p>\n\n\n\n<p>Banda de Percuss\u00e3o Marcial<\/p>\n\n\n\n<p>Banda de Percuss\u00e3o Sinf\u00f4nica<\/p>\n\n\n\n<p>Banda de Percuss\u00e3o com Instrumentos Mel\u00f3dicos Juvenil<\/p>\n\n\n\n<p>Banda de Percuss\u00e3o com Instrumentos Mel\u00f3dicos S\u00eanior<\/p>\n\n\n\n<p>Inscri\u00e7\u00f5es pelo e-mail: <a href=\"mailto:concursodebandassj@gmail.com\">concursodebandassj@gmail.com<\/a><\/p>\n\n\n\n<p>Um dos melhores concursos de bandas do Estado do Rio de Janeiro. A \u00faltima edi\u00e7\u00e3o realizada em 2022, reuniu bandas de outros estados do Brasil. Em breve, divulgaremos detalhes sobre a reuni\u00e3o do sorteio da ordem de apresenta\u00e7\u00e3o.<\/p>\n\n\n\n<p>Mais informa\u00e7\u00f5es atrav\u00e9s dos contatos (21) 96711-7564 ou (22) 99751-5051.<\/p>\n\n\n\n<p>Estamos cumprindo metas e avan\u00e7ando!<\/p>\n\n\n\n<figure class=\"wp-block-image size-full\"><img loading=\"lazy\" decoding=\"async\" width=\"1000\" height=\"1000\" src=\"https:\/\/www.silvajardim.rj.gov.br\/wp-content\/uploads\/2023\/07\/WhatsApp-Image-2023-07-13-at-13.01.25.jpeg\" alt=\"\" class=\"wp-image-19950\" srcset=\"https:\/\/www.silvajardim.rj.gov.br\/wp-content\/uploads\/2023\/07\/WhatsApp-Image-2023-07-13-at-13.01.25.jpeg 1000w, https:\/\/www.silvajardim.rj.gov.br\/wp-content\/uploads\/2023\/07\/WhatsApp-Image-2023-07-13-at-13.01.25-300x300.jpeg 300w, https:\/\/www.silvajardim.rj.gov.br\/wp-content\/uploads\/2023\/07\/WhatsApp-Image-2023-07-13-at-13.01.25-150x150.jpeg 150w, https:\/\/www.silvajardim.rj.gov.br\/wp-content\/uploads\/2023\/07\/WhatsApp-Image-2023-07-13-at-13.01.25-768x768.jpeg 768w\" sizes=\"auto, (max-width: 1000px) 100vw, 1000px\" \/><\/figure>\n","protected":false},"excerpt":{"rendered":"<p>A Secretaria Municipal de Turismo, Ind\u00fastria, Com\u00e9rcio, Cultura, Esporte e Lazer informa que est\u00e3o abertas as inscri\u00e7\u00f5es para o III\u00ba<\/p>\n","protected":false},"author":3,"featured_media":19950,"comment_status":"open","ping_status":"open","sticky":false,"template":"","format":"standard","meta":{"_mi_skip_tracking":false,"footnotes":""},"categories":[1],"tags":[],"class_list":["post-19939","post","type-post","status-publish","format-standard","has-post-thumbnail","hentry","category-sem-categoria"],"_links":{"self":[{"href":"https:\/\/www.silvajardim.rj.gov.br\/index.php\/wp-json\/wp\/v2\/posts\/19939","targetHints":{"allow":["GET"]}}],"collection":[{"href":"https:\/\/www.silvajardim.rj.gov.br\/index.php\/wp-json\/wp\/v2\/posts"}],"about":[{"href":"https:\/\/www.silvajardim.rj.gov.br\/index.php\/wp-json\/wp\/v2\/types\/post"}],"author":[{"embeddable":true,"href":"https:\/\/www.silvajardim.rj.gov.br\/index.php\/wp-json\/wp\/v2\/users\/3"}],"replies":[{"embeddable":true,"href":"https:\/\/www.silvajardim.rj.gov.br\/index.php\/wp-json\/wp\/v2\/comments?post=19939"}],"version-history":[{"count":2,"href":"https:\/\/www.silvajardim.rj.gov.br\/index.php\/wp-json\/wp\/v2\/posts\/19939\/revisions"}],"predecessor-version":[{"id":19952,"href":"https:\/\/www.silvajardim.rj.gov.br\/index.php\/wp-json\/wp\/v2\/posts\/19939\/revisions\/19952"}],"wp:featuredmedia":[{"embeddable":true,"href":"https:\/\/www.silvajardim.rj.gov.br\/index.php\/wp-json\/wp\/v2\/media\/19950"}],"wp:attachment":[{"href":"https:\/\/www.silvajardim.rj.gov.br\/index.php\/wp-json\/wp\/v2\/media?parent=19939"}],"wp:term":[{"taxonomy":"category","embeddable":true,"href":"https:\/\/www.silvajardim.rj.gov.br\/index.php\/wp-json\/wp\/v2\/categories?post=19939"},{"taxonomy":"post_tag","embeddable":true,"href":"https:\/\/www.silvajardim.rj.gov.br\/index.php\/wp-json\/wp\/v2\/tags?post=19939"}],"curies":[{"name":"wp","href":"https:\/\/api.w.org\/{rel}","templated":true}]}}