{"id":2148,"date":"2019-08-13T21:38:19","date_gmt":"2019-08-14T00:38:19","guid":{"rendered":"https:\/\/www.silvajardim.rj.gov.br\/?p=2148"},"modified":"2019-08-13T21:38:19","modified_gmt":"2019-08-14T00:38:19","slug":"1-campeonato-industria-e-comercio-de-futsal-2019-silva-jardim","status":"publish","type":"post","link":"https:\/\/www.silvajardim.rj.gov.br\/index.php\/2019\/08\/13\/1-campeonato-industria-e-comercio-de-futsal-2019-silva-jardim\/","title":{"rendered":"1\u00b0 Campeonato Ind\u00fastria e Com\u00e9rcio de Futsal 2019 -Silva Jardim"},"content":{"rendered":"\n<figure class=\"wp-block-image\"><img decoding=\"async\" src=\"https:\/\/www.silvajardim.rj.gov.br\/wp-content\/uploads\/2019\/08\/C3A4D3CB-4559-4EDE-AB5C-FDD6B9BFFD96-1024x1024.jpeg\" alt=\"\" class=\"wp-image-2149\"\/><\/figure>\n\n\n\n<p class=\"texto-justificado\">  Vai come\u00e7ar o 1\u00ba Campeonato Ind\u00fastria e Com\u00e9rcio de Futsal 2019, em  Silva Jardim. A abertura do torneio acontece na pr\u00f3xima ter\u00e7a-feira  (20), a partir das 19h, no Gin\u00e1sio Poliesportivo Jorge Mendon\u00e7a. A  competi\u00e7\u00e3o ser\u00e1 realizada pela Prefeitura de Silva Jardim, atrav\u00e9s da  Secretaria Municipal de Esporte e Lazer. Os grupos e os confrontos da  rodada de abertura j\u00e1 foram definidos. Confira:<\/p>\n\n\n\n<p> GRUPO A<br> A\u00c7AITERIA SABOR DA CR\u00cdS<br> A.M. SPORTS<br> ANT\u00d4NIU`S PIZZARIA E LANCHONETE<br> NINHA RESTAURANTE<br> NO BOTECO<br> RUSS\u00c3O BARBERSHOP<\/p>\n\n\n\n<p><br> GRUPO B<br> ACADEMIA RTN <br> AUTO CENTER S\u00c3O CRISTOV\u00c3O<br> DISQUE GELADA <br> MEROS SERVI\u00c7OS LTDA<br> SUPERMERCADO TINOCO<br> V.S. MATERIAIS DE CONSTRU\u00c7\u00c3O<br> <\/p>\n\n\n\n<p>1\u00b0 RODADA (GRUPO A)<br> DATA: 20\/08 (TER\u00c7A-FEIRA) <br> LOCAL: GIN\u00c1SIO POLIESPORTIVO JORGE MENDON\u00c7A <br> A\u00c7AITERIA SABOR DA CR\u00cdS X NINHA RESTAURANTE \u2013 19h00 <br> ANT\u00d4NIU`S PIZZARIA E LANCHONETE X A.M. SPORTS \u2013 19h40<br> RUSS\u00c3O BARBERSHOP X NO BOTECO \u2013 20h20<br> <\/p>\n\n\n\n<p>1\u00b0 RODADA (GRUPO B)<br> DATA: 22\/08 (QUINTA-FEIRA)<br> LOCAL: GIN\u00c1SIO POLIESPORTIVO JORGE MENDON\u00c7A <br> MEROS SERVI\u00c7OS LTDA X ACADEMIA RTN \u2013 19h00<br> SUPERMERCADO TINOCO X DISQUE GELADA \u2013 19h40<br> AUTO CENTER S\u00c3O CRIST\u00d3V\u00c3O X V.S. MATERIAIS DE CONSTRU\u00c7\u00c3O \u2013 20h20<br><\/p>\n\n\n\n<p style=\"text-align:center\"><br> REGULAMENTO DA FASE DE GRUPOS<br>  <\/p>\n\n\n\n<p class=\"texto-justificado\">De acordo com a Secretaria, o torneio ter\u00e1 dois grupos com seis equipes  cada. Os jogos da primeira fase acontecer\u00e3o dentro do pr\u00f3prio grupo,  com o famoso todos contra todos. As partidas do Grupo A ser\u00e3o realizadas  nas ter\u00e7as-feiras e as partidas do Grupo B nas quintas-feiras. Ao final  da fase de grupos, classificam-se os quatro primeiros colocados de cada  grupo para a fase seguinte. <\/p>\n","protected":false},"excerpt":{"rendered":"<p>Vai come\u00e7ar o 1\u00ba Campeonato Ind\u00fastria e Com\u00e9rcio de Futsal 2019, em Silva Jardim. A abertura do torneio acontece na<\/p>\n","protected":false},"author":1,"featured_media":2149,"comment_status":"closed","ping_status":"closed","sticky":false,"template":"","format":"standard","meta":{"_mi_skip_tracking":false,"footnotes":""},"categories":[283,273],"tags":[],"class_list":["post-2148","post","type-post","status-publish","format-standard","has-post-thumbnail","hentry","category-esporte-e-lazer","category-prefeitura"],"_links":{"self":[{"href":"https:\/\/www.silvajardim.rj.gov.br\/index.php\/wp-json\/wp\/v2\/posts\/2148","targetHints":{"allow":["GET"]}}],"collection":[{"href":"https:\/\/www.silvajardim.rj.gov.br\/index.php\/wp-json\/wp\/v2\/posts"}],"about":[{"href":"https:\/\/www.silvajardim.rj.gov.br\/index.php\/wp-json\/wp\/v2\/types\/post"}],"author":[{"embeddable":true,"href":"https:\/\/www.silvajardim.rj.gov.br\/index.php\/wp-json\/wp\/v2\/users\/1"}],"replies":[{"embeddable":true,"href":"https:\/\/www.silvajardim.rj.gov.br\/index.php\/wp-json\/wp\/v2\/comments?post=2148"}],"version-history":[{"count":0,"href":"https:\/\/www.silvajardim.rj.gov.br\/index.php\/wp-json\/wp\/v2\/posts\/2148\/revisions"}],"wp:featuredmedia":[{"embeddable":true,"href":"https:\/\/www.silvajardim.rj.gov.br\/index.php\/wp-json\/"}],"wp:attachment":[{"href":"https:\/\/www.silvajardim.rj.gov.br\/index.php\/wp-json\/wp\/v2\/media?parent=2148"}],"wp:term":[{"taxonomy":"category","embeddable":true,"href":"https:\/\/www.silvajardim.rj.gov.br\/index.php\/wp-json\/wp\/v2\/categories?post=2148"},{"taxonomy":"post_tag","embeddable":true,"href":"https:\/\/www.silvajardim.rj.gov.br\/index.php\/wp-json\/wp\/v2\/tags?post=2148"}],"curies":[{"name":"wp","href":"https:\/\/api.w.org\/{rel}","templated":true}]}}