{"id":2151,"date":"2019-08-15T11:23:09","date_gmt":"2019-08-15T14:23:09","guid":{"rendered":"https:\/\/www.silvajardim.rj.gov.br\/?p=2151"},"modified":"2019-08-15T11:23:09","modified_gmt":"2019-08-15T14:23:09","slug":"programa-agosto-dourado-conscientiza-pais-sobre-amamentacao","status":"publish","type":"post","link":"https:\/\/www.silvajardim.rj.gov.br\/index.php\/2019\/08\/15\/programa-agosto-dourado-conscientiza-pais-sobre-amamentacao\/","title":{"rendered":"Programa Agosto Dourado conscientiza Pais sobre Amamenta\u00e7\u00e3o"},"content":{"rendered":"\n<figure class=\"wp-block-image\"><img decoding=\"async\" src=\"https:\/\/www.silvajardim.rj.gov.br\/wp-content\/uploads\/2019\/08\/BC9B7C48-4365-4863-8CE9-6907E5E3576C.jpeg\" alt=\"\" class=\"wp-image-2152\"\/><\/figure>\n\n\n\n<p class=\"texto-justificado\">\nNo dia de ontem (14), a Secretaria Municipal de Sa\u00fade, atrav\u00e9s do \nPrograma Municipal de Sa\u00fade da Mulher promoveu o &#8220;Agosto Dourado&#8221;.<br>\n O programa que tem o intuito de intensifica\u00e7\u00e3o das a\u00e7\u00f5es de promo\u00e7\u00e3o, \nprote\u00e7\u00e3o e apoio ao aleitamento materno, conscientizando pais e \nfamiliares sobre seu papel no apoio \u00e0 pr\u00e1tica do aleitamento materno, \ncriando um ambiente que permita a m\u00e3e manter a amamenta\u00e7\u00e3o como fonte \nexclusiva de nutri\u00e7\u00e3o nos primeiros seis meses de vida e como fonte \ncomplementar at\u00e9 os dois anos de idade.<br> Ontem, o encontro aconteceu na UBS de Fazenda Brasil, e reuniu m\u00e3es da localidade e profissionais da unidade.\n\n<\/p>\n\n\n\n<figure class=\"wp-block-image\"><img decoding=\"async\" src=\"https:\/\/www.silvajardim.rj.gov.br\/wp-content\/uploads\/2019\/08\/A9CEA2C9-C73A-44CD-92C1-66A1795570C3.jpeg\" alt=\"\" class=\"wp-image-2153\"\/><\/figure>\n\n\n\n<figure class=\"wp-block-image\"><img decoding=\"async\" src=\"https:\/\/www.silvajardim.rj.gov.br\/wp-content\/uploads\/2019\/08\/4E07A271-F2B1-48F9-A1A0-115B36986F35.jpeg\" alt=\"\" class=\"wp-image-2154\"\/><\/figure>\n","protected":false},"excerpt":{"rendered":"<p>No dia de ontem (14), a Secretaria Municipal de Sa\u00fade, atrav\u00e9s do Programa Municipal de Sa\u00fade da Mulher promoveu o<\/p>\n","protected":false},"author":1,"featured_media":2152,"comment_status":"closed","ping_status":"closed","sticky":false,"template":"","format":"standard","meta":{"_mi_skip_tracking":false,"footnotes":""},"categories":[273,275],"tags":[],"class_list":["post-2151","post","type-post","status-publish","format-standard","has-post-thumbnail","hentry","category-prefeitura","category-saude"],"_links":{"self":[{"href":"https:\/\/www.silvajardim.rj.gov.br\/index.php\/wp-json\/wp\/v2\/posts\/2151","targetHints":{"allow":["GET"]}}],"collection":[{"href":"https:\/\/www.silvajardim.rj.gov.br\/index.php\/wp-json\/wp\/v2\/posts"}],"about":[{"href":"https:\/\/www.silvajardim.rj.gov.br\/index.php\/wp-json\/wp\/v2\/types\/post"}],"author":[{"embeddable":true,"href":"https:\/\/www.silvajardim.rj.gov.br\/index.php\/wp-json\/wp\/v2\/users\/1"}],"replies":[{"embeddable":true,"href":"https:\/\/www.silvajardim.rj.gov.br\/index.php\/wp-json\/wp\/v2\/comments?post=2151"}],"version-history":[{"count":0,"href":"https:\/\/www.silvajardim.rj.gov.br\/index.php\/wp-json\/wp\/v2\/posts\/2151\/revisions"}],"wp:featuredmedia":[{"embeddable":true,"href":"https:\/\/www.silvajardim.rj.gov.br\/index.php\/wp-json\/"}],"wp:attachment":[{"href":"https:\/\/www.silvajardim.rj.gov.br\/index.php\/wp-json\/wp\/v2\/media?parent=2151"}],"wp:term":[{"taxonomy":"category","embeddable":true,"href":"https:\/\/www.silvajardim.rj.gov.br\/index.php\/wp-json\/wp\/v2\/categories?post=2151"},{"taxonomy":"post_tag","embeddable":true,"href":"https:\/\/www.silvajardim.rj.gov.br\/index.php\/wp-json\/wp\/v2\/tags?post=2151"}],"curies":[{"name":"wp","href":"https:\/\/api.w.org\/{rel}","templated":true}]}}