{"id":2161,"date":"2019-08-17T15:10:29","date_gmt":"2019-08-17T18:10:29","guid":{"rendered":"https:\/\/www.silvajardim.rj.gov.br\/?p=2161"},"modified":"2019-08-17T15:10:29","modified_gmt":"2019-08-17T18:10:29","slug":"prefeitura-realiza-operacao-tapa-buracos-em-imbau-e-manutencao-na-estrada-de-cambucaes","status":"publish","type":"post","link":"https:\/\/www.silvajardim.rj.gov.br\/index.php\/2019\/08\/17\/prefeitura-realiza-operacao-tapa-buracos-em-imbau-e-manutencao-na-estrada-de-cambucaes\/","title":{"rendered":"Prefeitura realiza Opera\u00e7\u00e3o Tapa Buracos em Imba\u00fa e Manuten\u00e7\u00e3o na Estrada de Cambucaes"},"content":{"rendered":"\n<figure class=\"wp-block-image\"><img decoding=\"async\" src=\"https:\/\/www.silvajardim.rj.gov.br\/wp-content\/uploads\/2019\/08\/29F06A65-F994-4315-B319-7A323B7F8612.jpeg\" alt=\"\" class=\"wp-image-2162\"\/><\/figure>\n\n\n\n<p class=\"texto-justificado\">\nA Prefeitura de Silva Jardim, atrav\u00e9s da Secretaria Municipal de Obras e\n Servi\u00e7os P\u00fablicos, realizou nesta sexta-feira (16), uma opera\u00e7\u00e3o de \n\u201ctapa-buracos\u201d na rodovia que da acesso ao bairro de Imba\u00fa. A manuten\u00e7\u00e3o\n teve como objetivo aprimorar a seguran\u00e7a e as condi\u00e7\u00f5es de tr\u00e1fego na \nvia.<br> J\u00e1 em Cambucaes, visando o \nbem-estar e a seguran\u00e7a da popula\u00e7\u00e3o, foi feita uma obra de manuten\u00e7\u00e3o \nna estrada que da acesso ao bairro. O servi\u00e7o foi realizado com o \naux\u00edlio de uma m\u00e1quina motoniveladora (Patrol).<br> As a\u00e7\u00f5es contaram com o apoio das Secretarias Municipais de Meio Ambiente e Agricultura.\n\n<\/p>\n\n\n\n<figure class=\"wp-block-image\"><img decoding=\"async\" src=\"https:\/\/www.silvajardim.rj.gov.br\/wp-content\/uploads\/2019\/08\/654F897C-EC35-4203-A210-C1B336331D7D.jpeg\" alt=\"\" class=\"wp-image-2163\"\/><\/figure>\n\n\n\n<figure class=\"wp-block-image\"><img decoding=\"async\" src=\"https:\/\/www.silvajardim.rj.gov.br\/wp-content\/uploads\/2019\/08\/2B34DDD3-4E96-43E6-8281-9D14A9BC5A84.jpeg\" alt=\"\" class=\"wp-image-2164\"\/><\/figure>\n\n\n\n<figure class=\"wp-block-image\"><img decoding=\"async\" src=\"https:\/\/www.silvajardim.rj.gov.br\/wp-content\/uploads\/2019\/08\/A8D64F3F-7A60-4B02-92A7-C81DA6215302.jpeg\" alt=\"\" class=\"wp-image-2165\"\/><\/figure>\n","protected":false},"excerpt":{"rendered":"<p>A Prefeitura de Silva Jardim, atrav\u00e9s da Secretaria Municipal de Obras e Servi\u00e7os P\u00fablicos, realizou nesta sexta-feira (16), uma opera\u00e7\u00e3o<\/p>\n","protected":false},"author":1,"featured_media":2162,"comment_status":"closed","ping_status":"closed","sticky":false,"template":"","format":"standard","meta":{"_mi_skip_tracking":false,"footnotes":""},"categories":[277,273],"tags":[],"class_list":["post-2161","post","type-post","status-publish","format-standard","has-post-thumbnail","hentry","category-obras-e-servicos-publicos","category-prefeitura"],"_links":{"self":[{"href":"https:\/\/www.silvajardim.rj.gov.br\/index.php\/wp-json\/wp\/v2\/posts\/2161","targetHints":{"allow":["GET"]}}],"collection":[{"href":"https:\/\/www.silvajardim.rj.gov.br\/index.php\/wp-json\/wp\/v2\/posts"}],"about":[{"href":"https:\/\/www.silvajardim.rj.gov.br\/index.php\/wp-json\/wp\/v2\/types\/post"}],"author":[{"embeddable":true,"href":"https:\/\/www.silvajardim.rj.gov.br\/index.php\/wp-json\/wp\/v2\/users\/1"}],"replies":[{"embeddable":true,"href":"https:\/\/www.silvajardim.rj.gov.br\/index.php\/wp-json\/wp\/v2\/comments?post=2161"}],"version-history":[{"count":0,"href":"https:\/\/www.silvajardim.rj.gov.br\/index.php\/wp-json\/wp\/v2\/posts\/2161\/revisions"}],"wp:featuredmedia":[{"embeddable":true,"href":"https:\/\/www.silvajardim.rj.gov.br\/index.php\/wp-json\/"}],"wp:attachment":[{"href":"https:\/\/www.silvajardim.rj.gov.br\/index.php\/wp-json\/wp\/v2\/media?parent=2161"}],"wp:term":[{"taxonomy":"category","embeddable":true,"href":"https:\/\/www.silvajardim.rj.gov.br\/index.php\/wp-json\/wp\/v2\/categories?post=2161"},{"taxonomy":"post_tag","embeddable":true,"href":"https:\/\/www.silvajardim.rj.gov.br\/index.php\/wp-json\/wp\/v2\/tags?post=2161"}],"curies":[{"name":"wp","href":"https:\/\/api.w.org\/{rel}","templated":true}]}}