{"id":2170,"date":"2019-08-20T18:17:11","date_gmt":"2019-08-20T21:17:11","guid":{"rendered":"https:\/\/www.silvajardim.rj.gov.br\/?p=2170"},"modified":"2019-08-20T18:17:11","modified_gmt":"2019-08-20T21:17:11","slug":"salao-do-turismo-no-rio-de-janeiro-recebera-estande-da-regiao-caminhos-da-mata","status":"publish","type":"post","link":"https:\/\/www.silvajardim.rj.gov.br\/index.php\/2019\/08\/20\/salao-do-turismo-no-rio-de-janeiro-recebera-estande-da-regiao-caminhos-da-mata\/","title":{"rendered":"Sal\u00e3o do Turismo no Rio de Janeiro receber\u00e1 Estande da Regi\u00e3o Caminhos da Mata"},"content":{"rendered":"\n<figure class=\"wp-block-image\"><img decoding=\"async\" src=\"https:\/\/www.silvajardim.rj.gov.br\/wp-content\/uploads\/2019\/08\/5665EE72-4779-4F28-B9D6-BC769236FA53.jpeg\" alt=\"\" class=\"wp-image-2171\"\/><figcaption>O Armaz\u00e9m 2 do P\u00eder Mau\u00e1, centro do Rio de Janeiro, entre os dias 22 e 25 de agosto, vai se transformar na vitrine das maravilhas tur\u00edsticas do Estado, sediando o Sal\u00e3o Estadual de Turismo. <br> Mais de 70 Munic\u00edpios do Estado do Rio de Janeiro participar\u00e3o do evento, que tem o intuito de divulgar, promover e fomentar os Produtos tur\u00edsticos, do interior do Estado, fortalecendo a cadeia produtiva deste importante segmento da Economia Fluminense.<br> A Prefeitura Municipal de Silva Jardim, atrav\u00e9s da Secretaria de Turismo, Cultura e Governo, estar\u00e1 presente, em um estande, promovendo e divulgando o potencial tur\u00edstico do Munic\u00edpio, mostrando aos visitantes e ao mercado do Turismo Nacional, as riquezas naturais, como cachoeiras, trilhas, a Lagoa de Juturna\u00edba, a reserva Natural de Po\u00e7o das Antas e o trabalho da Associa\u00e7\u00e3o Mico-Le\u00e3o -Dourado. No estande de Silva Jardim, tamb\u00e9m poder\u00e3o ser apreciados uma exposi\u00e7\u00e3o de produtos artesanais, realizado em parceria com a Associarte e tamb\u00e9m degusta\u00e7\u00e3o dos produtos t\u00edpicos da gastronomia local, representa\u00e7\u00f5es do Patrim\u00f4nio Imaterial da cidade.<br> Representando o seguimento da m\u00fasica, na sexta feira, o grupo de Forr\u00f3, \u201c Os tr\u00eas de Aldeia\u201d, de Silva Jardim, prometem contagiar o ambiente com a alegria do melhor forr\u00f3 p\u00e9 de serra, representando e mantendo o nosso t\u00edtulo de Capital Fluminense do Forr\u00f3.<br> Segundo o Secret\u00e1rio Felipe Rocha \u201ca cidade estar\u00e1 muito bem representada, os operadores locais do turismo, prestam um servi\u00e7o de qualidade e com padr\u00e3o para receber turistas nacionais e internacionais. Os operadores que s\u00e3o os atores principais de desenvolvimento desta pujante atividade da cidade com repercuss\u00e3o regional. Cumprindo a orienta\u00e7\u00e3o da Prefeita Cilene, mantemos o compromisso de apoiar e fomentar as atividades do setor. \u201d<br> O Sal\u00e3o Estadual de Turismo cumpre uma agenda de networking, promovendo visibilidade, diminuindo as dist\u00e2ncias entre o usu\u00e1rio, mercado de fomento tur\u00edstico e os operadores locais, al\u00e9m de e ampliar a vis\u00e3o geral de cada regi\u00e3o, valorizando as suas peculiaridades. A Prefeita Cilene avalia como sendo um evento de suma import\u00e2ncia para a cidade \u201c Investir no potencial tur\u00edstico de nossa cidade, \u00e9 investir no nosso jeito de ser, no senso de pertencimento da nossa gente. Somos parte e guardi\u00f5es de riquezas naturais. T\u00e3o importante quanto pensar e planejar a atividade tur\u00edstica como um dos pilares de desenvolvimento, \u00e9 trabalhar na conscientiza\u00e7\u00e3o desta e de futuras gera\u00e7\u00f5es, no que diz respeito as riquezas naturais e manuten\u00e7\u00e3o do ecossistema. Um evento da grandiosidade do Sal\u00e3o Estadual de Turismo, \u00e9 um marco na constru\u00e7\u00e3o de um crescimento ordenado e sustent\u00e1vel. \u201d Ressaltou A Prefeita.<br> Para finalizar o secret\u00e1rio Felipe Rocha destacou o alto \u00edndice de aceita\u00e7\u00e3o dos operadores tur\u00edsticos locais que participar\u00e3o do evento, como a Associarte, Calangos Adventure, Cacha\u00e7a Tapinu\u00e3, Kaapora, Associa\u00e7\u00e3o Mico Le\u00e3o Dourado, Fazenda dos Cordeiros, Cerveja local, Os Tr\u00eas de Aldeia, Aldeia do Bambu Camping e Chal\u00e9s, Cachoeira Sete Quedas e Paola Tour, dentre outros agentes e guias de turismo!<br> O evento que acontecer\u00e1 de quinta-feira a domingo, tem uma expectativa de p\u00fablico superior a 50 mil visitantes e promete agitar o fim de semana Fluminense.<\/figcaption><\/figure>\n","protected":false},"excerpt":{"rendered":"","protected":false},"author":1,"featured_media":2184,"comment_status":"closed","ping_status":"closed","sticky":false,"template":"","format":"standard","meta":{"_mi_skip_tracking":false,"footnotes":""},"categories":[273,278],"tags":[],"class_list":["post-2170","post","type-post","status-publish","format-standard","has-post-thumbnail","hentry","category-prefeitura","category-turismo"],"_links":{"self":[{"href":"https:\/\/www.silvajardim.rj.gov.br\/index.php\/wp-json\/wp\/v2\/posts\/2170","targetHints":{"allow":["GET"]}}],"collection":[{"href":"https:\/\/www.silvajardim.rj.gov.br\/index.php\/wp-json\/wp\/v2\/posts"}],"about":[{"href":"https:\/\/www.silvajardim.rj.gov.br\/index.php\/wp-json\/wp\/v2\/types\/post"}],"author":[{"embeddable":true,"href":"https:\/\/www.silvajardim.rj.gov.br\/index.php\/wp-json\/wp\/v2\/users\/1"}],"replies":[{"embeddable":true,"href":"https:\/\/www.silvajardim.rj.gov.br\/index.php\/wp-json\/wp\/v2\/comments?post=2170"}],"version-history":[{"count":0,"href":"https:\/\/www.silvajardim.rj.gov.br\/index.php\/wp-json\/wp\/v2\/posts\/2170\/revisions"}],"wp:featuredmedia":[{"embeddable":true,"href":"https:\/\/www.silvajardim.rj.gov.br\/index.php\/wp-json\/"}],"wp:attachment":[{"href":"https:\/\/www.silvajardim.rj.gov.br\/index.php\/wp-json\/wp\/v2\/media?parent=2170"}],"wp:term":[{"taxonomy":"category","embeddable":true,"href":"https:\/\/www.silvajardim.rj.gov.br\/index.php\/wp-json\/wp\/v2\/categories?post=2170"},{"taxonomy":"post_tag","embeddable":true,"href":"https:\/\/www.silvajardim.rj.gov.br\/index.php\/wp-json\/wp\/v2\/tags?post=2170"}],"curies":[{"name":"wp","href":"https:\/\/api.w.org\/{rel}","templated":true}]}}