{"id":2326,"date":"2019-09-07T10:18:16","date_gmt":"2019-09-07T13:18:16","guid":{"rendered":"https:\/\/www.silvajardim.rj.gov.br\/?p=2326"},"modified":"2019-09-07T10:18:16","modified_gmt":"2019-09-07T13:18:16","slug":"palestra-abre-campanha-de-prevencao-ao-suicidio-do-setembro-amarelo-em-silva-jardim","status":"publish","type":"post","link":"https:\/\/www.silvajardim.rj.gov.br\/index.php\/2019\/09\/07\/palestra-abre-campanha-de-prevencao-ao-suicidio-do-setembro-amarelo-em-silva-jardim\/","title":{"rendered":"Palestra abre Campanha de preven\u00e7\u00e3o ao Suic\u00eddio do Setembro Amarelo em Silva Jardim"},"content":{"rendered":"\n<figure class=\"wp-block-image\"><img decoding=\"async\" src=\"https:\/\/www.silvajardim.rj.gov.br\/wp-content\/uploads\/2019\/09\/A0ED6108-E6B6-4943-BF2A-01976F4B6BA8.jpeg\" alt=\"\" class=\"wp-image-2327\" \/><figcaption>Come\u00e7ou hoje (06), a Campanha de Preven\u00e7\u00e3o ao Suic\u00eddio, conhecida como Setembro Amarelo.  <br> A Secretaria Municipal de Sa\u00fade de Silva Jardim, visando contribuir para essa causa t\u00e3o importante, est\u00e1 realizando uma s\u00e9rie de palestras sobre esse tema. <br> Na manh\u00e3 de hoje (06), a Psic\u00f3loga Larissa Gabardo, esteve na Unidade B\u00e1sica de Sa\u00fade, do Centro, para palestrar sobre, Preven\u00e7\u00e3o ao Suic\u00eddio.<br> A palestrante tamb\u00e9m falou sobre a import\u00e2ncia da Campanha. \u201cNove em cada dez mortes por suic\u00eddio podem ser evitadas. Assim, a preven\u00e7\u00e3o \u00e9 fundamental. E a campanha do setembro Amarelo visa exatamente isso, combater os estigmas para salvar vidas&#8221;.<\/figcaption><\/figure>\n\n\n\n<figure class=\"wp-block-image\"><img decoding=\"async\" src=\"https:\/\/www.silvajardim.rj.gov.br\/wp-content\/uploads\/2019\/09\/BC28F5FF-0D25-460F-8EDD-7CDA38A077C6.jpeg\" alt=\"\" class=\"wp-image-2328\" \/><\/figure>\n\n\n\n<p> <\/p>\n\n\n\n<figure class=\"wp-block-image\"><img decoding=\"async\" src=\"https:\/\/www.silvajardim.rj.gov.br\/wp-content\/uploads\/2019\/09\/2031E516-9D61-45AA-A79C-449B0779337E.jpeg\" alt=\"\" class=\"wp-image-2329\" \/><\/figure>\n","protected":false},"excerpt":{"rendered":"","protected":false},"author":1,"featured_media":2327,"comment_status":"closed","ping_status":"closed","sticky":false,"template":"","format":"standard","meta":{"_mi_skip_tracking":false,"footnotes":""},"categories":[273,275],"tags":[],"class_list":["post-2326","post","type-post","status-publish","format-standard","has-post-thumbnail","hentry","category-prefeitura","category-saude"],"_links":{"self":[{"href":"https:\/\/www.silvajardim.rj.gov.br\/index.php\/wp-json\/wp\/v2\/posts\/2326","targetHints":{"allow":["GET"]}}],"collection":[{"href":"https:\/\/www.silvajardim.rj.gov.br\/index.php\/wp-json\/wp\/v2\/posts"}],"about":[{"href":"https:\/\/www.silvajardim.rj.gov.br\/index.php\/wp-json\/wp\/v2\/types\/post"}],"author":[{"embeddable":true,"href":"https:\/\/www.silvajardim.rj.gov.br\/index.php\/wp-json\/wp\/v2\/users\/1"}],"replies":[{"embeddable":true,"href":"https:\/\/www.silvajardim.rj.gov.br\/index.php\/wp-json\/wp\/v2\/comments?post=2326"}],"version-history":[{"count":0,"href":"https:\/\/www.silvajardim.rj.gov.br\/index.php\/wp-json\/wp\/v2\/posts\/2326\/revisions"}],"wp:featuredmedia":[{"embeddable":true,"href":"https:\/\/www.silvajardim.rj.gov.br\/index.php\/wp-json\/"}],"wp:attachment":[{"href":"https:\/\/www.silvajardim.rj.gov.br\/index.php\/wp-json\/wp\/v2\/media?parent=2326"}],"wp:term":[{"taxonomy":"category","embeddable":true,"href":"https:\/\/www.silvajardim.rj.gov.br\/index.php\/wp-json\/wp\/v2\/categories?post=2326"},{"taxonomy":"post_tag","embeddable":true,"href":"https:\/\/www.silvajardim.rj.gov.br\/index.php\/wp-json\/wp\/v2\/tags?post=2326"}],"curies":[{"name":"wp","href":"https:\/\/api.w.org\/{rel}","templated":true}]}}