{"id":2345,"date":"2019-09-10T23:00:39","date_gmt":"2019-09-11T02:00:39","guid":{"rendered":"https:\/\/www.silvajardim.rj.gov.br\/?p=2345"},"modified":"2019-09-10T23:00:39","modified_gmt":"2019-09-11T02:00:39","slug":"secretaria-municipal-de-educacao-participa-de-seminario-da-seeduc-no-rio-de-janeiro","status":"publish","type":"post","link":"https:\/\/www.silvajardim.rj.gov.br\/index.php\/2019\/09\/10\/secretaria-municipal-de-educacao-participa-de-seminario-da-seeduc-no-rio-de-janeiro\/","title":{"rendered":"Secret\u00e1ria Municipal de Educa\u00e7\u00e3o participa de Semin\u00e1rio da SEEDUC no Rio de Janeiro"},"content":{"rendered":"\n<figure class=\"wp-block-image\"><img decoding=\"async\" src=\"https:\/\/www.silvajardim.rj.gov.br\/wp-content\/uploads\/2019\/09\/C6B4F600-F8CC-4B40-8246-7D0D0E1E6A2A.jpeg\" alt=\"\" class=\"wp-image-2346\" \/><figcaption>Aconteceu no \u00faltimo dia 04 de setembro o Semin\u00e1rio em parceria do CEIPE\/EBAPE\/FGV, a SEEDUC-RJ e a Undime-RJ com a tem\u00e1tica:  \u201cConstru\u00e7\u00e3o da Proposta Curricular no Territ\u00f3rio do Rio de Janeiro: Como fazer o curr\u00edculo chegar \u00e0 sala de aula\u201d.<br> O Semin\u00e1rio teve o objetivo de promover discuss\u00f5es t\u00e9cnicas entre as equipes Estaduais e Municipais sobre os principais desafios da forma\u00e7\u00e3o continuada e disseminar boas pr\u00e1ticas e evid\u00eancias que possam ajudar no atual momento da implementa\u00e7\u00e3o da BNCC. <br> O evento contou com a participa\u00e7\u00e3o da Claudia Costin, Diretora do CEIPE, Flavio Vasconcelos, Diretor EBAPE FGV, Lenine Lemos, Dirigente Municipal de Educa\u00e7\u00e3o de Queimados e Presidente Undime-RJ, do Pedro Fernandes, Secret\u00e1rio Estadual de Educa\u00e7\u00e3o do RJ &#8211; SEEDUC-RJ e de Marcelo Ferreira da Costa &#8211; Vice-Presidente da Undime Nacional e Secret\u00e1rio Municipal de Educa\u00e7\u00e3o de Goi\u00e1s, da Malvina Tuttman &#8211; Presidente CEE RJ (Conselho Estadual de Educa\u00e7\u00e3o do Rio de Janeiro) entre outros convidados. <br> A Secret\u00e1ria de Educa\u00e7\u00e3o, K\u00e1tia Passos apresentou a proposta da Frente de Comunica\u00e7\u00e3o e Engajamento para a implanta\u00e7\u00e3o da BNCC do CONSED(Conselho Nacional de Secret\u00e1rios de Educa\u00e7\u00e3o), em que na Frente de Comunica\u00e7\u00e3o \u00e9 a representante da Regi\u00e3o Sudeste e Secret\u00e1ria de Finan\u00e7as da UNDIME\/RJ.<br> O evento contou com a participa\u00e7\u00e3o de cerca de 400 pessoas.<\/figcaption><\/figure>\n\n\n\n<figure class=\"wp-block-image\"><img decoding=\"async\" src=\"https:\/\/www.silvajardim.rj.gov.br\/wp-content\/uploads\/2019\/09\/C8B517B2-6B91-4583-BD32-F9C0E4E5EBCF-1024x768.jpeg\" alt=\"\" class=\"wp-image-2347\" \/><\/figure>\n","protected":false},"excerpt":{"rendered":"","protected":false},"author":1,"featured_media":2346,"comment_status":"closed","ping_status":"closed","sticky":false,"template":"","format":"standard","meta":{"_mi_skip_tracking":false,"footnotes":""},"categories":[286,273],"tags":[],"class_list":["post-2345","post","type-post","status-publish","format-standard","has-post-thumbnail","hentry","category-educacao","category-prefeitura"],"_links":{"self":[{"href":"https:\/\/www.silvajardim.rj.gov.br\/index.php\/wp-json\/wp\/v2\/posts\/2345","targetHints":{"allow":["GET"]}}],"collection":[{"href":"https:\/\/www.silvajardim.rj.gov.br\/index.php\/wp-json\/wp\/v2\/posts"}],"about":[{"href":"https:\/\/www.silvajardim.rj.gov.br\/index.php\/wp-json\/wp\/v2\/types\/post"}],"author":[{"embeddable":true,"href":"https:\/\/www.silvajardim.rj.gov.br\/index.php\/wp-json\/wp\/v2\/users\/1"}],"replies":[{"embeddable":true,"href":"https:\/\/www.silvajardim.rj.gov.br\/index.php\/wp-json\/wp\/v2\/comments?post=2345"}],"version-history":[{"count":0,"href":"https:\/\/www.silvajardim.rj.gov.br\/index.php\/wp-json\/wp\/v2\/posts\/2345\/revisions"}],"wp:featuredmedia":[{"embeddable":true,"href":"https:\/\/www.silvajardim.rj.gov.br\/index.php\/wp-json\/"}],"wp:attachment":[{"href":"https:\/\/www.silvajardim.rj.gov.br\/index.php\/wp-json\/wp\/v2\/media?parent=2345"}],"wp:term":[{"taxonomy":"category","embeddable":true,"href":"https:\/\/www.silvajardim.rj.gov.br\/index.php\/wp-json\/wp\/v2\/categories?post=2345"},{"taxonomy":"post_tag","embeddable":true,"href":"https:\/\/www.silvajardim.rj.gov.br\/index.php\/wp-json\/wp\/v2\/tags?post=2345"}],"curies":[{"name":"wp","href":"https:\/\/api.w.org\/{rel}","templated":true}]}}