{"id":2372,"date":"2019-09-12T20:52:34","date_gmt":"2019-09-12T23:52:34","guid":{"rendered":"https:\/\/www.silvajardim.rj.gov.br\/?p=2372"},"modified":"2019-09-12T20:52:34","modified_gmt":"2019-09-12T23:52:34","slug":"inauguracao-do-posto-avancando-da-guarda-civil-municipal-de-silva-cunha-acontece-nesta-sexta-feira","status":"publish","type":"post","link":"https:\/\/www.silvajardim.rj.gov.br\/index.php\/2019\/09\/12\/inauguracao-do-posto-avancando-da-guarda-civil-municipal-de-silva-cunha-acontece-nesta-sexta-feira\/","title":{"rendered":"Inaugura\u00e7\u00e3o do Posto Avan\u00e7ando da Guarda Civil Municipal de Silva Cunha acontece nesta Sexta-feira"},"content":{"rendered":"\n<figure class=\"wp-block-image\"><img decoding=\"async\" src=\"https:\/\/www.silvajardim.rj.gov.br\/wp-content\/uploads\/2019\/09\/B16BE205-32DA-41AA-8B61-DCF9D30F09BA-1024x725.jpeg\" alt=\"\" class=\"wp-image-2373\" \/><figcaption>A Prefeita de Silva Jardim, Maria Dalva Silva do Nascimento (Cilene), atrav\u00e9s da Secretaria Municipal de Ordem P\u00fablica, tem a honra de convid\u00e1-los, para a inaugura\u00e7\u00e3o do Posto Avan\u00e7ado da Guarda Civil Municipal de Silva Cunha. O evento est\u00e1 programado para amanh\u00e3 (13), a partir das 17h, na Pra\u00e7a Elvira Alves do Nascimento, em Boqueir\u00e3o.<br> Contamos com sua presen\u00e7a!<\/figcaption><\/figure>\n","protected":false},"excerpt":{"rendered":"","protected":false},"author":1,"featured_media":2373,"comment_status":"closed","ping_status":"closed","sticky":false,"template":"","format":"standard","meta":{"_mi_skip_tracking":false,"footnotes":""},"categories":[273,280],"tags":[],"class_list":["post-2372","post","type-post","status-publish","format-standard","has-post-thumbnail","hentry","category-prefeitura","category-seguranca-publica"],"_links":{"self":[{"href":"https:\/\/www.silvajardim.rj.gov.br\/index.php\/wp-json\/wp\/v2\/posts\/2372","targetHints":{"allow":["GET"]}}],"collection":[{"href":"https:\/\/www.silvajardim.rj.gov.br\/index.php\/wp-json\/wp\/v2\/posts"}],"about":[{"href":"https:\/\/www.silvajardim.rj.gov.br\/index.php\/wp-json\/wp\/v2\/types\/post"}],"author":[{"embeddable":true,"href":"https:\/\/www.silvajardim.rj.gov.br\/index.php\/wp-json\/wp\/v2\/users\/1"}],"replies":[{"embeddable":true,"href":"https:\/\/www.silvajardim.rj.gov.br\/index.php\/wp-json\/wp\/v2\/comments?post=2372"}],"version-history":[{"count":0,"href":"https:\/\/www.silvajardim.rj.gov.br\/index.php\/wp-json\/wp\/v2\/posts\/2372\/revisions"}],"wp:featuredmedia":[{"embeddable":true,"href":"https:\/\/www.silvajardim.rj.gov.br\/index.php\/wp-json\/"}],"wp:attachment":[{"href":"https:\/\/www.silvajardim.rj.gov.br\/index.php\/wp-json\/wp\/v2\/media?parent=2372"}],"wp:term":[{"taxonomy":"category","embeddable":true,"href":"https:\/\/www.silvajardim.rj.gov.br\/index.php\/wp-json\/wp\/v2\/categories?post=2372"},{"taxonomy":"post_tag","embeddable":true,"href":"https:\/\/www.silvajardim.rj.gov.br\/index.php\/wp-json\/wp\/v2\/tags?post=2372"}],"curies":[{"name":"wp","href":"https:\/\/api.w.org\/{rel}","templated":true}]}}